{"id":2030,"date":"2023-12-01T07:07:04","date_gmt":"2023-12-01T07:07:04","guid":{"rendered":"https:\/\/www.castrillonturismo.es\/castrillon\/?p=2030"},"modified":"2023-12-01T07:11:26","modified_gmt":"2023-12-01T07:11:26","slug":"el-encendido-de-la-iluminacion-navidena-abre-la-programacion-estival-en-castrillon-el-martes-5-de-diciembre","status":"publish","type":"post","link":"https:\/\/www.castrillonturismo.es\/castrillon\/el-encendido-de-la-iluminacion-navidena-abre-la-programacion-estival-en-castrillon-el-martes-5-de-diciembre\/","title":{"rendered":"El encendido de la iluminaci\u00f3n navide\u00f1a abre la programaci\u00f3n estival en Castrill\u00f3n el martes 5 de diciembre"},"content":{"rendered":"<p>[vc_row][vc_column][vc_column_text]<strong>Hasta el 7 de enero se suceder\u00e1n competiciones deportivas, las actuaciones de Tekila, La Cuarta Calle y La Ocaband, atracciones y m\u00e1s de 30 actividades infantiles.<\/strong><\/p>\n<p><strong>La Feria del Regalo volver\u00e1 a reunir al comercio local en la carpa de la plaza de Europa en su segunda edici\u00f3n, que se celebrar\u00e1 los d\u00edas 16 y 17 de diciembre.<\/strong><\/p>\n<p>El pr\u00f3ximo martes, 5 de diciembre, tendr\u00e1 lugar la inauguraci\u00f3n de la iluminaci\u00f3n navide\u00f1a de Castrill\u00f3n. El encendido tendr\u00e1 lugar en la plaza de Europa de Piedrasblancas, el martes 5 a las 18 horas. Este a\u00f1o el ayuntamiento asume los costes de toda la iluminaci\u00f3n navide\u00f1a del municipio, un gasto que hasta ahora era compartico con Castricom, lo que permitir\u00e1 a la<br \/>\nasociaci\u00f3n de comerciantes disponer de presupuesto para la decoraci\u00f3n navide\u00f1a de los establecimientos.<\/p>\n<p>El encendido de las luces dar\u00e1 paso a un programa de navidad que se extender\u00e1 hasta el 7 de enero y en el que se incluyen numerosas actividades infantiles y varias competiciones deportivas. Tambi\u00e9n habr\u00e1 m\u00fasica en directo, con la m\u00fasica de la orquesta La Ocaband y Franky DeeJay en Nochevieja, de Tekila la noche de Reyes y de La Cuarta Calle el s\u00e1bado<br \/>\n6 de enero.<\/p>\n<p>Adem\u00e1s, desde el 16 de diciembre hasta el 7 de enero se podr\u00e1 visitar el bel\u00e9n municipal en el p\u00f3rtico de la iglesia de Piedrasblancas. Del dise\u00f1o y de la instalaci\u00f3n de las distintas piezas que lo componen se encargar\u00e1 el alumnado del Centro de Apoyo a la Integraci\u00f3n La Uni\u00f3n para personas adultas con discapacidad intelectual.<\/p>\n<p>La tradicional carpa de la plaza de Europa se abrir\u00e1 el d\u00eda 16 de diciembre y acoger\u00e1 durante las dos primeras jornadas la Feria del Regalo de Castrill\u00f3n, que celebra su segunda edici\u00f3n tras no llevarse a cabo en 2022. La carpa acoger\u00e1 adem\u00e1s la mayor parte de las actividades infantiles que se lleven a cabo hasta el 7 de enero. Entre otras muchas, habr\u00e1 un escape room<br \/>\n(17 de diciembre), un trivial gigante (22 de diciembre), simuladores de realidad virtual y talleres art\u00edsticos (varias fechas), as\u00ed como varias actuaciones y el festival folcl\u00f3rico infantil de la Agrupaci\u00f3n Folkl\u00f3rica y Cultural El Espol\u00edn.<\/p>\n<p>La programaci\u00f3n incluye un buen n\u00famero de competiciones deportivas, comenzando por el Campeonato de surf en la playa de Salinas entre el 6 y el 10 de diciembre, dentro del que se disputar\u00e1, el d\u00eda 8, el Campeonato de Espa\u00f1a Sup Olas 2023, organizado por la Federaci\u00f3n de Surf del Principado de Asturias. Otra de las citas cl\u00e1sicas ser\u00e1 el Torneo de Navidad de gimnasia r\u00edtmica, organizado por el Club R\u00edtmica Piedras Blancas y que se desarrollar\u00e1 en el polideportivo municipal el 12 de diciembre.<\/p>\n<p>El torneo de f\u00fatbol sala que organiza el Club Hispano de Castrill\u00f3n se disputar\u00e1 en dos fases.<br \/>\nLa primera ser\u00e1 del 21 al 23 de diciembre en el polideportivo municipal, y la segunda, del 28 al 30 en Ferrota. Y tambi\u00e9n habr\u00e1 un torneo navide\u00f1o de nataci\u00f3n, programado por el Club de Nataci\u00f3n Las Anclas y que se llevar\u00e1 a cabo el 23 de diciembre en la piscina. En esa misma fecha se correr\u00e1n los 8 km de Castrill\u00f3n, prueba organizada por Castrill\u00f3n Atletismo<br \/>\ny que en 2023 cumple 25 a\u00f1os. Previamente se disputar\u00e1 tambi\u00e9n la carrera infantil.<\/p>\n<p>De forma complementaria, se instalar\u00e1n diversas atracciones infantiles y juveniles en las inmediaciones de la carpa navide\u00f1a de la plaza de Europa. Para disfrutarlas, desde el ayuntamiento se ha establecido un precio m\u00e1ximo de 2,50 euros por viaje.[\/vc_column_text][\/vc_column][\/vc_row][vc_row][vc_column]<div class=\"grve-element grve-align-left\"><a href=\"https:\/\/www.castrillonturismo.es\/wp-content\/uploads\/2020\/05\/castrillonnavidad2023.pdf\" class=\"grve-btn grve-btn-medium grve-square grve-bg-primary-1 grve-bg-hover-black\"><span><i class=\"smp-icon-present\"><\/i>Descarga la programaci\u00f3n navide\u00f1a 2023<\/span><\/a><\/div>[\/vc_column][\/vc_row]<\/p>\n","protected":false},"excerpt":{"rendered":"<p>[vc_row][vc_column][vc_column_text]Hasta el 7 de enero se suceder\u00e1n competiciones deportivas, las actuaciones de Tekila, La Cuarta Calle y La Ocaband, atracciones y m\u00e1s de 30 actividades infantiles. La Feria del Regalo volver\u00e1 a reunir al comercio local en la carpa de la plaza de Europa en su segunda edici\u00f3n, que se celebrar\u00e1 los d\u00edas 16 y [&hellip;]<\/p>\n","protected":false},"author":1,"featured_media":2041,"comment_status":"closed","ping_status":"open","sticky":false,"template":"","format":"standard","meta":[],"categories":[1],"tags":[],"yoast_head":"<!-- This site is optimized with the Yoast SEO plugin v21.0 - https:\/\/yoast.com\/wordpress\/plugins\/seo\/ -->\n<title>El encendido de la iluminaci\u00f3n navide\u00f1a abre la programaci\u00f3n estival en Castrill\u00f3n el martes 5 de diciembre - Castrill\u00f3n Turismo<\/title>\n<meta name=\"robots\" content=\"index, follow, max-snippet:-1, max-image-preview:large, max-video-preview:-1\" \/>\n<link rel=\"canonical\" href=\"https:\/\/www.castrillonturismo.es\/castrillon\/el-encendido-de-la-iluminacion-navidena-abre-la-programacion-estival-en-castrillon-el-martes-5-de-diciembre\/\" \/>\n<meta property=\"og:locale\" content=\"es_ES\" \/>\n<meta property=\"og:type\" content=\"article\" \/>\n<meta property=\"og:title\" content=\"El encendido de la iluminaci\u00f3n navide\u00f1a abre la programaci\u00f3n estival en Castrill\u00f3n el martes 5 de diciembre - Castrill\u00f3n Turismo\" \/>\n<meta property=\"og:description\" content=\"[vc_row][vc_column][vc_column_text]Hasta el 7 de enero se suceder\u00e1n competiciones deportivas, las actuaciones de Tekila, La Cuarta Calle y La Ocaband, atracciones y m\u00e1s de 30 actividades infantiles. La Feria del Regalo volver\u00e1 a reunir al comercio local en la carpa de la plaza de Europa en su segunda edici\u00f3n, que se celebrar\u00e1 los d\u00edas 16 y [&hellip;]\" \/>\n<meta property=\"og:url\" content=\"https:\/\/www.castrillonturismo.es\/castrillon\/el-encendido-de-la-iluminacion-navidena-abre-la-programacion-estival-en-castrillon-el-martes-5-de-diciembre\/\" \/>\n<meta property=\"og:site_name\" content=\"Castrill\u00f3n Turismo\" \/>\n<meta property=\"article:published_time\" content=\"2023-12-01T07:07:04+00:00\" \/>\n<meta property=\"article:modified_time\" content=\"2023-12-01T07:11:26+00:00\" \/>\n<meta property=\"og:image\" content=\"https:\/\/www.castrillonturismo.es\/wp-content\/uploads\/2020\/05\/castrillon-navidad-instagram.png\" \/>\n\t<meta property=\"og:image:width\" content=\"1080\" \/>\n\t<meta property=\"og:image:height\" content=\"1080\" \/>\n\t<meta property=\"og:image:type\" content=\"image\/png\" \/>\n<meta name=\"author\" content=\"admin\" \/>\n<meta name=\"twitter:card\" content=\"summary_large_image\" \/>\n<meta name=\"twitter:image\" content=\"https:\/\/www.castrillonturismo.es\/wp-content\/uploads\/2020\/05\/castrillon-navidad-instagram.png\" \/>\n<meta name=\"twitter:label1\" content=\"Escrito por\" \/>\n\t<meta name=\"twitter:data1\" content=\"admin\" \/>\n\t<meta name=\"twitter:label2\" content=\"Tiempo de lectura\" \/>\n\t<meta name=\"twitter:data2\" content=\"3 minutos\" \/>\n<script type=\"application\/ld+json\" class=\"yoast-schema-graph\">{\"@context\":\"https:\/\/schema.org\",\"@graph\":[{\"@type\":\"Article\",\"@id\":\"https:\/\/www.castrillonturismo.es\/castrillon\/el-encendido-de-la-iluminacion-navidena-abre-la-programacion-estival-en-castrillon-el-martes-5-de-diciembre\/#article\",\"isPartOf\":{\"@id\":\"https:\/\/www.castrillonturismo.es\/castrillon\/el-encendido-de-la-iluminacion-navidena-abre-la-programacion-estival-en-castrillon-el-martes-5-de-diciembre\/\"},\"author\":{\"name\":\"admin\",\"@id\":\"https:\/\/www.castrillonturismo.es\/castrillon\/#\/schema\/person\/81c8ca283714c9358f61c4355354e508\"},\"headline\":\"El encendido de la iluminaci\u00f3n navide\u00f1a abre la programaci\u00f3n estival en Castrill\u00f3n el martes 5 de diciembre\",\"datePublished\":\"2023-12-01T07:07:04+00:00\",\"dateModified\":\"2023-12-01T07:11:26+00:00\",\"mainEntityOfPage\":{\"@id\":\"https:\/\/www.castrillonturismo.es\/castrillon\/el-encendido-de-la-iluminacion-navidena-abre-la-programacion-estival-en-castrillon-el-martes-5-de-diciembre\/\"},\"wordCount\":687,\"publisher\":{\"@id\":\"https:\/\/www.castrillonturismo.es\/castrillon\/#organization\"},\"articleSection\":[\"Actualidad\"],\"inLanguage\":\"es\"},{\"@type\":\"WebPage\",\"@id\":\"https:\/\/www.castrillonturismo.es\/castrillon\/el-encendido-de-la-iluminacion-navidena-abre-la-programacion-estival-en-castrillon-el-martes-5-de-diciembre\/\",\"url\":\"https:\/\/www.castrillonturismo.es\/castrillon\/el-encendido-de-la-iluminacion-navidena-abre-la-programacion-estival-en-castrillon-el-martes-5-de-diciembre\/\",\"name\":\"El encendido de la iluminaci\u00f3n navide\u00f1a abre la programaci\u00f3n estival en Castrill\u00f3n el martes 5 de diciembre - Castrill\u00f3n Turismo\",\"isPartOf\":{\"@id\":\"https:\/\/www.castrillonturismo.es\/castrillon\/#website\"},\"datePublished\":\"2023-12-01T07:07:04+00:00\",\"dateModified\":\"2023-12-01T07:11:26+00:00\",\"breadcrumb\":{\"@id\":\"https:\/\/www.castrillonturismo.es\/castrillon\/el-encendido-de-la-iluminacion-navidena-abre-la-programacion-estival-en-castrillon-el-martes-5-de-diciembre\/#breadcrumb\"},\"inLanguage\":\"es\",\"potentialAction\":[{\"@type\":\"ReadAction\",\"target\":[\"https:\/\/www.castrillonturismo.es\/castrillon\/el-encendido-de-la-iluminacion-navidena-abre-la-programacion-estival-en-castrillon-el-martes-5-de-diciembre\/\"]}]},{\"@type\":\"BreadcrumbList\",\"@id\":\"https:\/\/www.castrillonturismo.es\/castrillon\/el-encendido-de-la-iluminacion-navidena-abre-la-programacion-estival-en-castrillon-el-martes-5-de-diciembre\/#breadcrumb\",\"itemListElement\":[{\"@type\":\"ListItem\",\"position\":1,\"name\":\"Portada\",\"item\":\"https:\/\/www.castrillonturismo.es\/castrillon\/\"},{\"@type\":\"ListItem\",\"position\":2,\"name\":\"El encendido de la iluminaci\u00f3n navide\u00f1a abre la programaci\u00f3n estival en Castrill\u00f3n el martes 5 de diciembre\"}]},{\"@type\":\"WebSite\",\"@id\":\"https:\/\/www.castrillonturismo.es\/castrillon\/#website\",\"url\":\"https:\/\/www.castrillonturismo.es\/castrillon\/\",\"name\":\"Castrill\u00f3n Turismo\",\"description\":\"\",\"publisher\":{\"@id\":\"https:\/\/www.castrillonturismo.es\/castrillon\/#organization\"},\"potentialAction\":[{\"@type\":\"SearchAction\",\"target\":{\"@type\":\"EntryPoint\",\"urlTemplate\":\"https:\/\/www.castrillonturismo.es\/castrillon\/?s={search_term_string}\"},\"query-input\":\"required name=search_term_string\"}],\"inLanguage\":\"es\"},{\"@type\":\"Organization\",\"@id\":\"https:\/\/www.castrillonturismo.es\/castrillon\/#organization\",\"name\":\"Castrill\u00f3n Turismo\",\"url\":\"https:\/\/www.castrillonturismo.es\/castrillon\/\",\"logo\":{\"@type\":\"ImageObject\",\"inLanguage\":\"es\",\"@id\":\"https:\/\/www.castrillonturismo.es\/castrillon\/#\/schema\/logo\/image\/\",\"url\":\"https:\/\/www.castrillonturismo.es\/wp-content\/uploads\/2020\/05\/cropped-banner-turismo.png\",\"contentUrl\":\"https:\/\/www.castrillonturismo.es\/wp-content\/uploads\/2020\/05\/cropped-banner-turismo.png\",\"width\":512,\"height\":512,\"caption\":\"Castrill\u00f3n Turismo\"},\"image\":{\"@id\":\"https:\/\/www.castrillonturismo.es\/castrillon\/#\/schema\/logo\/image\/\"}},{\"@type\":\"Person\",\"@id\":\"https:\/\/www.castrillonturismo.es\/castrillon\/#\/schema\/person\/81c8ca283714c9358f61c4355354e508\",\"name\":\"admin\",\"image\":{\"@type\":\"ImageObject\",\"inLanguage\":\"es\",\"@id\":\"https:\/\/www.castrillonturismo.es\/castrillon\/#\/schema\/person\/image\/\",\"url\":\"https:\/\/secure.gravatar.com\/avatar\/08cfccc30ab86643b5dba0cf31729e44?s=96&d=mm&r=g\",\"contentUrl\":\"https:\/\/secure.gravatar.com\/avatar\/08cfccc30ab86643b5dba0cf31729e44?s=96&d=mm&r=g\",\"caption\":\"admin\"},\"sameAs\":[\"http:\/\/publicidadaviles.com\/castrillon\"],\"url\":\"https:\/\/www.castrillonturismo.es\/castrillon\/author\/admin\/\"}]}<\/script>\n<!-- \/ Yoast SEO plugin. -->","yoast_head_json":{"title":"El encendido de la iluminaci\u00f3n navide\u00f1a abre la programaci\u00f3n estival en Castrill\u00f3n el martes 5 de diciembre - Castrill\u00f3n Turismo","robots":{"index":"index","follow":"follow","max-snippet":"max-snippet:-1","max-image-preview":"max-image-preview:large","max-video-preview":"max-video-preview:-1"},"canonical":"https:\/\/www.castrillonturismo.es\/castrillon\/el-encendido-de-la-iluminacion-navidena-abre-la-programacion-estival-en-castrillon-el-martes-5-de-diciembre\/","og_locale":"es_ES","og_type":"article","og_title":"El encendido de la iluminaci\u00f3n navide\u00f1a abre la programaci\u00f3n estival en Castrill\u00f3n el martes 5 de diciembre - Castrill\u00f3n Turismo","og_description":"[vc_row][vc_column][vc_column_text]Hasta el 7 de enero se suceder\u00e1n competiciones deportivas, las actuaciones de Tekila, La Cuarta Calle y La Ocaband, atracciones y m\u00e1s de 30 actividades infantiles. La Feria del Regalo volver\u00e1 a reunir al comercio local en la carpa de la plaza de Europa en su segunda edici\u00f3n, que se celebrar\u00e1 los d\u00edas 16 y [&hellip;]","og_url":"https:\/\/www.castrillonturismo.es\/castrillon\/el-encendido-de-la-iluminacion-navidena-abre-la-programacion-estival-en-castrillon-el-martes-5-de-diciembre\/","og_site_name":"Castrill\u00f3n Turismo","article_published_time":"2023-12-01T07:07:04+00:00","article_modified_time":"2023-12-01T07:11:26+00:00","og_image":[{"width":1080,"height":1080,"url":"https:\/\/www.castrillonturismo.es\/wp-content\/uploads\/2020\/05\/castrillon-navidad-instagram.png","type":"image\/png"}],"author":"admin","twitter_card":"summary_large_image","twitter_image":"https:\/\/www.castrillonturismo.es\/wp-content\/uploads\/2020\/05\/castrillon-navidad-instagram.png","twitter_misc":{"Escrito por":"admin","Tiempo de lectura":"3 minutos"},"schema":{"@context":"https:\/\/schema.org","@graph":[{"@type":"Article","@id":"https:\/\/www.castrillonturismo.es\/castrillon\/el-encendido-de-la-iluminacion-navidena-abre-la-programacion-estival-en-castrillon-el-martes-5-de-diciembre\/#article","isPartOf":{"@id":"https:\/\/www.castrillonturismo.es\/castrillon\/el-encendido-de-la-iluminacion-navidena-abre-la-programacion-estival-en-castrillon-el-martes-5-de-diciembre\/"},"author":{"name":"admin","@id":"https:\/\/www.castrillonturismo.es\/castrillon\/#\/schema\/person\/81c8ca283714c9358f61c4355354e508"},"headline":"El encendido de la iluminaci\u00f3n navide\u00f1a abre la programaci\u00f3n estival en Castrill\u00f3n el martes 5 de diciembre","datePublished":"2023-12-01T07:07:04+00:00","dateModified":"2023-12-01T07:11:26+00:00","mainEntityOfPage":{"@id":"https:\/\/www.castrillonturismo.es\/castrillon\/el-encendido-de-la-iluminacion-navidena-abre-la-programacion-estival-en-castrillon-el-martes-5-de-diciembre\/"},"wordCount":687,"publisher":{"@id":"https:\/\/www.castrillonturismo.es\/castrillon\/#organization"},"articleSection":["Actualidad"],"inLanguage":"es"},{"@type":"WebPage","@id":"https:\/\/www.castrillonturismo.es\/castrillon\/el-encendido-de-la-iluminacion-navidena-abre-la-programacion-estival-en-castrillon-el-martes-5-de-diciembre\/","url":"https:\/\/www.castrillonturismo.es\/castrillon\/el-encendido-de-la-iluminacion-navidena-abre-la-programacion-estival-en-castrillon-el-martes-5-de-diciembre\/","name":"El encendido de la iluminaci\u00f3n navide\u00f1a abre la programaci\u00f3n estival en Castrill\u00f3n el martes 5 de diciembre - Castrill\u00f3n Turismo","isPartOf":{"@id":"https:\/\/www.castrillonturismo.es\/castrillon\/#website"},"datePublished":"2023-12-01T07:07:04+00:00","dateModified":"2023-12-01T07:11:26+00:00","breadcrumb":{"@id":"https:\/\/www.castrillonturismo.es\/castrillon\/el-encendido-de-la-iluminacion-navidena-abre-la-programacion-estival-en-castrillon-el-martes-5-de-diciembre\/#breadcrumb"},"inLanguage":"es","potentialAction":[{"@type":"ReadAction","target":["https:\/\/www.castrillonturismo.es\/castrillon\/el-encendido-de-la-iluminacion-navidena-abre-la-programacion-estival-en-castrillon-el-martes-5-de-diciembre\/"]}]},{"@type":"BreadcrumbList","@id":"https:\/\/www.castrillonturismo.es\/castrillon\/el-encendido-de-la-iluminacion-navidena-abre-la-programacion-estival-en-castrillon-el-martes-5-de-diciembre\/#breadcrumb","itemListElement":[{"@type":"ListItem","position":1,"name":"Portada","item":"https:\/\/www.castrillonturismo.es\/castrillon\/"},{"@type":"ListItem","position":2,"name":"El encendido de la iluminaci\u00f3n navide\u00f1a abre la programaci\u00f3n estival en Castrill\u00f3n el martes 5 de diciembre"}]},{"@type":"WebSite","@id":"https:\/\/www.castrillonturismo.es\/castrillon\/#website","url":"https:\/\/www.castrillonturismo.es\/castrillon\/","name":"Castrill\u00f3n Turismo","description":"","publisher":{"@id":"https:\/\/www.castrillonturismo.es\/castrillon\/#organization"},"potentialAction":[{"@type":"SearchAction","target":{"@type":"EntryPoint","urlTemplate":"https:\/\/www.castrillonturismo.es\/castrillon\/?s={search_term_string}"},"query-input":"required name=search_term_string"}],"inLanguage":"es"},{"@type":"Organization","@id":"https:\/\/www.castrillonturismo.es\/castrillon\/#organization","name":"Castrill\u00f3n Turismo","url":"https:\/\/www.castrillonturismo.es\/castrillon\/","logo":{"@type":"ImageObject","inLanguage":"es","@id":"https:\/\/www.castrillonturismo.es\/castrillon\/#\/schema\/logo\/image\/","url":"https:\/\/www.castrillonturismo.es\/wp-content\/uploads\/2020\/05\/cropped-banner-turismo.png","contentUrl":"https:\/\/www.castrillonturismo.es\/wp-content\/uploads\/2020\/05\/cropped-banner-turismo.png","width":512,"height":512,"caption":"Castrill\u00f3n Turismo"},"image":{"@id":"https:\/\/www.castrillonturismo.es\/castrillon\/#\/schema\/logo\/image\/"}},{"@type":"Person","@id":"https:\/\/www.castrillonturismo.es\/castrillon\/#\/schema\/person\/81c8ca283714c9358f61c4355354e508","name":"admin","image":{"@type":"ImageObject","inLanguage":"es","@id":"https:\/\/www.castrillonturismo.es\/castrillon\/#\/schema\/person\/image\/","url":"https:\/\/secure.gravatar.com\/avatar\/08cfccc30ab86643b5dba0cf31729e44?s=96&d=mm&r=g","contentUrl":"https:\/\/secure.gravatar.com\/avatar\/08cfccc30ab86643b5dba0cf31729e44?s=96&d=mm&r=g","caption":"admin"},"sameAs":["http:\/\/publicidadaviles.com\/castrillon"],"url":"https:\/\/www.castrillonturismo.es\/castrillon\/author\/admin\/"}]}},"_links":{"self":[{"href":"https:\/\/www.castrillonturismo.es\/castrillon\/wp-json\/wp\/v2\/posts\/2030"}],"collection":[{"href":"https:\/\/www.castrillonturismo.es\/castrillon\/wp-json\/wp\/v2\/posts"}],"about":[{"href":"https:\/\/www.castrillonturismo.es\/castrillon\/wp-json\/wp\/v2\/types\/post"}],"author":[{"embeddable":true,"href":"https:\/\/www.castrillonturismo.es\/castrillon\/wp-json\/wp\/v2\/users\/1"}],"replies":[{"embeddable":true,"href":"https:\/\/www.castrillonturismo.es\/castrillon\/wp-json\/wp\/v2\/comments?post=2030"}],"version-history":[{"count":7,"href":"https:\/\/www.castrillonturismo.es\/castrillon\/wp-json\/wp\/v2\/posts\/2030\/revisions"}],"predecessor-version":[{"id":2040,"href":"https:\/\/www.castrillonturismo.es\/castrillon\/wp-json\/wp\/v2\/posts\/2030\/revisions\/2040"}],"wp:featuredmedia":[{"embeddable":true,"href":"https:\/\/www.castrillonturismo.es\/castrillon\/wp-json\/wp\/v2\/media\/2041"}],"wp:attachment":[{"href":"https:\/\/www.castrillonturismo.es\/castrillon\/wp-json\/wp\/v2\/media?parent=2030"}],"wp:term":[{"taxonomy":"category","embeddable":true,"href":"https:\/\/www.castrillonturismo.es\/castrillon\/wp-json\/wp\/v2\/categories?post=2030"},{"taxonomy":"post_tag","embeddable":true,"href":"https:\/\/www.castrillonturismo.es\/castrillon\/wp-json\/wp\/v2\/tags?post=2030"}],"curies":[{"name":"wp","href":"https:\/\/api.w.org\/{rel}","templated":true}]}}