{"id":2009,"date":"2023-08-09T12:30:28","date_gmt":"2023-08-09T12:30:28","guid":{"rendered":"https:\/\/www.castrillonturismo.es\/castrillon\/?p=2009"},"modified":"2023-08-11T09:47:24","modified_gmt":"2023-08-11T09:47:24","slug":"el-museo-de-la-mina-de-arnao-celebrara-el-sabado-19-de-agosto-a-las-13-horas-su-decimo-aniversario-con-musica","status":"publish","type":"post","link":"https:\/\/www.castrillonturismo.es\/castrillon\/el-museo-de-la-mina-de-arnao-celebrara-el-sabado-19-de-agosto-a-las-13-horas-su-decimo-aniversario-con-musica\/","title":{"rendered":"El Museo de la Mina de Arnao celebrar\u00e1 el s\u00e1bado 19 de agosto a las 13 horas su d\u00e9cimo aniversario con m\u00fasica."},"content":{"rendered":"<p>[vc_row][vc_column][vc_column_text]<strong>El concierto del compositor hispano cubano y de la fundadora de Los Adioses tendr\u00e1 lugar en las galer\u00edas de la explotaci\u00f3n, el s\u00e1bado 19 a las 13 horas.<\/strong><\/p>\n<p><strong>Las localidades son gratuitas, est\u00e1n limitadas a un aforo de 50 personas y se pueden retirar desde esta tarde en las taquillas del museo de forma presencial o telef\u00f3nica.<\/strong><\/p>\n<p>El guitarrista y compositor hispano cubano Armando Orb\u00f3n, fundador del primer conservatorio de la isla caribe\u00f1a, y la violinista Lorena Fern\u00e1ndez, profesora e impulsora de la orquesta Los Adioses, formaci\u00f3n que naci\u00f3 en Castrill\u00f3n, ser\u00e1n las personas encargadas de poner m\u00fasica al d\u00e9cimo cumplea\u00f1os de uno de los principales atractivos tur\u00edsticos del municipio.<\/p>\n<p>La actuaci\u00f3n de Armando Orb\u00f3n y Lorena Fern\u00e1ndez se celebrar\u00e1 bajo tierra, en las galer\u00edas de la explotaci\u00f3n, lo que limita el aforo de este recital de cumplea\u00f1os. 50 personas podr\u00e1n presenciar el concierto, que ser\u00e1 de acceso gratuito y en sesi\u00f3n verm\u00fa. Quienes acudan tendr\u00e1n que retirar previamente las entradas, que se despachar\u00e1n desde esta tarde en la taquilla del museo castrillonense de manera presencial. Tambi\u00e9n es posible la reserva telef\u00f3nica, llamando al tel\u00e9fono de la mina, <a href=\"tel:+34985507799\">985507799.<\/a><\/p>\n<p>El repertorio que se podr\u00e1 escuchar ser\u00e1 un repaso por la m\u00fasica espa\u00f1ola y su influencia iberoamericana, en un espect\u00e1culo que ya a llevado a Orb\u00f3n y Fern\u00e1ndez a actuar en pa\u00edses como Marruecos o Arabia Saud\u00ed. La cita en el Museo de la Mina de Arnao tendr\u00e1 lugar solo unos d\u00edas despu\u00e9s de que se cumplan 10 a\u00f1os desde su inauguraci\u00f3n, que tuvo lugar el 30 de julio de 2013. Solo en 2022 pasaron por el museo castrillonense 9.912 visitantes de 32 nacionalidades diferentes.[\/vc_column_text][\/vc_column][\/vc_row][vc_row][vc_column]<div class=\"grve-element grve-image grve-align-center\" style=\"\">  <div class=\"grve-image-wrapper\"><img width=\"1587\" height=\"2245\" src=\"https:\/\/www.castrillonturismo.es\/wp-content\/uploads\/2023\/08\/concierto-museo-mina-arnau.png\" class=\"attachment-full size-full\" alt=\"\" decoding=\"async\" loading=\"lazy\" srcset=\"https:\/\/www.castrillonturismo.es\/wp-content\/uploads\/2023\/08\/concierto-museo-mina-arnau.png 1587w, https:\/\/www.castrillonturismo.es\/wp-content\/uploads\/2023\/08\/concierto-museo-mina-arnau-212x300.png 212w, https:\/\/www.castrillonturismo.es\/wp-content\/uploads\/2023\/08\/concierto-museo-mina-arnau-724x1024.png 724w, https:\/\/www.castrillonturismo.es\/wp-content\/uploads\/2023\/08\/concierto-museo-mina-arnau-768x1086.png 768w, https:\/\/www.castrillonturismo.es\/wp-content\/uploads\/2023\/08\/concierto-museo-mina-arnau-1086x1536.png 1086w, https:\/\/www.castrillonturismo.es\/wp-content\/uploads\/2023\/08\/concierto-museo-mina-arnau-1448x2048.png 1448w, https:\/\/www.castrillonturismo.es\/wp-content\/uploads\/2023\/08\/concierto-museo-mina-arnau-1357x1920.png 1357w, https:\/\/www.castrillonturismo.es\/wp-content\/uploads\/2023\/08\/concierto-museo-mina-arnau-106x150.png 106w, https:\/\/www.castrillonturismo.es\/wp-content\/uploads\/2023\/08\/concierto-museo-mina-arnau-85x120.png 85w\" sizes=\"(max-width: 1587px) 100vw, 1587px\" \/>   <\/div><\/div>[\/vc_column][\/vc_row]<\/p>\n","protected":false},"excerpt":{"rendered":"<p>[vc_row][vc_column][vc_column_text]El concierto del compositor hispano cubano y de la fundadora de Los Adioses tendr\u00e1 lugar en las galer\u00edas de la explotaci\u00f3n, el s\u00e1bado 19 a las 13 horas. Las localidades son gratuitas, est\u00e1n limitadas a un aforo de 50 personas y se pueden retirar desde esta tarde en las taquillas del museo de forma presencial [&hellip;]<\/p>\n","protected":false},"author":1,"featured_media":2017,"comment_status":"closed","ping_status":"open","sticky":false,"template":"","format":"standard","meta":[],"categories":[1],"tags":[],"yoast_head":"<!-- This site is optimized with the Yoast SEO plugin v21.0 - https:\/\/yoast.com\/wordpress\/plugins\/seo\/ -->\n<title>El Museo de la Mina de Arnao celebrar\u00e1 el s\u00e1bado 19 de agosto a las 13 horas su d\u00e9cimo aniversario con m\u00fasica. - Castrill\u00f3n Turismo<\/title>\n<meta name=\"robots\" content=\"index, follow, max-snippet:-1, max-image-preview:large, max-video-preview:-1\" \/>\n<link rel=\"canonical\" href=\"https:\/\/www.castrillonturismo.es\/castrillon\/el-museo-de-la-mina-de-arnao-celebrara-el-sabado-19-de-agosto-a-las-13-horas-su-decimo-aniversario-con-musica\/\" \/>\n<meta property=\"og:locale\" content=\"es_ES\" \/>\n<meta property=\"og:type\" content=\"article\" \/>\n<meta property=\"og:title\" content=\"El Museo de la Mina de Arnao celebrar\u00e1 el s\u00e1bado 19 de agosto a las 13 horas su d\u00e9cimo aniversario con m\u00fasica. - Castrill\u00f3n Turismo\" \/>\n<meta property=\"og:description\" content=\"[vc_row][vc_column][vc_column_text]El concierto del compositor hispano cubano y de la fundadora de Los Adioses tendr\u00e1 lugar en las galer\u00edas de la explotaci\u00f3n, el s\u00e1bado 19 a las 13 horas. Las localidades son gratuitas, est\u00e1n limitadas a un aforo de 50 personas y se pueden retirar desde esta tarde en las taquillas del museo de forma presencial [&hellip;]\" \/>\n<meta property=\"og:url\" content=\"https:\/\/www.castrillonturismo.es\/castrillon\/el-museo-de-la-mina-de-arnao-celebrara-el-sabado-19-de-agosto-a-las-13-horas-su-decimo-aniversario-con-musica\/\" \/>\n<meta property=\"og:site_name\" content=\"Castrill\u00f3n Turismo\" \/>\n<meta property=\"article:published_time\" content=\"2023-08-09T12:30:28+00:00\" \/>\n<meta property=\"article:modified_time\" content=\"2023-08-11T09:47:24+00:00\" \/>\n<meta property=\"og:image\" content=\"https:\/\/www.castrillonturismo.es\/wp-content\/uploads\/2023\/08\/concierto-museo-mina-arnau.png\" \/>\n\t<meta property=\"og:image:width\" content=\"1587\" \/>\n\t<meta property=\"og:image:height\" content=\"2245\" \/>\n\t<meta property=\"og:image:type\" content=\"image\/png\" \/>\n<meta name=\"author\" content=\"admin\" \/>\n<meta name=\"twitter:card\" content=\"summary_large_image\" \/>\n<meta name=\"twitter:image\" content=\"https:\/\/www.castrillonturismo.es\/wp-content\/uploads\/2023\/08\/concierto-museo-mina-arnau.png\" \/>\n<meta name=\"twitter:label1\" content=\"Escrito por\" \/>\n\t<meta name=\"twitter:data1\" content=\"admin\" \/>\n\t<meta name=\"twitter:label2\" content=\"Tiempo de lectura\" \/>\n\t<meta name=\"twitter:data2\" content=\"2 minutos\" \/>\n<script type=\"application\/ld+json\" class=\"yoast-schema-graph\">{\"@context\":\"https:\/\/schema.org\",\"@graph\":[{\"@type\":\"Article\",\"@id\":\"https:\/\/www.castrillonturismo.es\/castrillon\/el-museo-de-la-mina-de-arnao-celebrara-el-sabado-19-de-agosto-a-las-13-horas-su-decimo-aniversario-con-musica\/#article\",\"isPartOf\":{\"@id\":\"https:\/\/www.castrillonturismo.es\/castrillon\/el-museo-de-la-mina-de-arnao-celebrara-el-sabado-19-de-agosto-a-las-13-horas-su-decimo-aniversario-con-musica\/\"},\"author\":{\"name\":\"admin\",\"@id\":\"https:\/\/www.castrillonturismo.es\/castrillon\/#\/schema\/person\/81c8ca283714c9358f61c4355354e508\"},\"headline\":\"El Museo de la Mina de Arnao celebrar\u00e1 el s\u00e1bado 19 de agosto a las 13 horas su d\u00e9cimo aniversario con m\u00fasica.\",\"datePublished\":\"2023-08-09T12:30:28+00:00\",\"dateModified\":\"2023-08-11T09:47:24+00:00\",\"mainEntityOfPage\":{\"@id\":\"https:\/\/www.castrillonturismo.es\/castrillon\/el-museo-de-la-mina-de-arnao-celebrara-el-sabado-19-de-agosto-a-las-13-horas-su-decimo-aniversario-con-musica\/\"},\"wordCount\":350,\"publisher\":{\"@id\":\"https:\/\/www.castrillonturismo.es\/castrillon\/#organization\"},\"articleSection\":[\"Actualidad\"],\"inLanguage\":\"es\"},{\"@type\":\"WebPage\",\"@id\":\"https:\/\/www.castrillonturismo.es\/castrillon\/el-museo-de-la-mina-de-arnao-celebrara-el-sabado-19-de-agosto-a-las-13-horas-su-decimo-aniversario-con-musica\/\",\"url\":\"https:\/\/www.castrillonturismo.es\/castrillon\/el-museo-de-la-mina-de-arnao-celebrara-el-sabado-19-de-agosto-a-las-13-horas-su-decimo-aniversario-con-musica\/\",\"name\":\"El Museo de la Mina de Arnao celebrar\u00e1 el s\u00e1bado 19 de agosto a las 13 horas su d\u00e9cimo aniversario con m\u00fasica. - Castrill\u00f3n Turismo\",\"isPartOf\":{\"@id\":\"https:\/\/www.castrillonturismo.es\/castrillon\/#website\"},\"datePublished\":\"2023-08-09T12:30:28+00:00\",\"dateModified\":\"2023-08-11T09:47:24+00:00\",\"breadcrumb\":{\"@id\":\"https:\/\/www.castrillonturismo.es\/castrillon\/el-museo-de-la-mina-de-arnao-celebrara-el-sabado-19-de-agosto-a-las-13-horas-su-decimo-aniversario-con-musica\/#breadcrumb\"},\"inLanguage\":\"es\",\"potentialAction\":[{\"@type\":\"ReadAction\",\"target\":[\"https:\/\/www.castrillonturismo.es\/castrillon\/el-museo-de-la-mina-de-arnao-celebrara-el-sabado-19-de-agosto-a-las-13-horas-su-decimo-aniversario-con-musica\/\"]}]},{\"@type\":\"BreadcrumbList\",\"@id\":\"https:\/\/www.castrillonturismo.es\/castrillon\/el-museo-de-la-mina-de-arnao-celebrara-el-sabado-19-de-agosto-a-las-13-horas-su-decimo-aniversario-con-musica\/#breadcrumb\",\"itemListElement\":[{\"@type\":\"ListItem\",\"position\":1,\"name\":\"Portada\",\"item\":\"https:\/\/www.castrillonturismo.es\/castrillon\/\"},{\"@type\":\"ListItem\",\"position\":2,\"name\":\"El Museo de la Mina de Arnao celebrar\u00e1 el s\u00e1bado 19 de agosto a las 13 horas su d\u00e9cimo aniversario con m\u00fasica.\"}]},{\"@type\":\"WebSite\",\"@id\":\"https:\/\/www.castrillonturismo.es\/castrillon\/#website\",\"url\":\"https:\/\/www.castrillonturismo.es\/castrillon\/\",\"name\":\"Castrill\u00f3n Turismo\",\"description\":\"\",\"publisher\":{\"@id\":\"https:\/\/www.castrillonturismo.es\/castrillon\/#organization\"},\"potentialAction\":[{\"@type\":\"SearchAction\",\"target\":{\"@type\":\"EntryPoint\",\"urlTemplate\":\"https:\/\/www.castrillonturismo.es\/castrillon\/?s={search_term_string}\"},\"query-input\":\"required name=search_term_string\"}],\"inLanguage\":\"es\"},{\"@type\":\"Organization\",\"@id\":\"https:\/\/www.castrillonturismo.es\/castrillon\/#organization\",\"name\":\"Castrill\u00f3n Turismo\",\"url\":\"https:\/\/www.castrillonturismo.es\/castrillon\/\",\"logo\":{\"@type\":\"ImageObject\",\"inLanguage\":\"es\",\"@id\":\"https:\/\/www.castrillonturismo.es\/castrillon\/#\/schema\/logo\/image\/\",\"url\":\"https:\/\/www.castrillonturismo.es\/wp-content\/uploads\/2020\/05\/cropped-banner-turismo.png\",\"contentUrl\":\"https:\/\/www.castrillonturismo.es\/wp-content\/uploads\/2020\/05\/cropped-banner-turismo.png\",\"width\":512,\"height\":512,\"caption\":\"Castrill\u00f3n Turismo\"},\"image\":{\"@id\":\"https:\/\/www.castrillonturismo.es\/castrillon\/#\/schema\/logo\/image\/\"}},{\"@type\":\"Person\",\"@id\":\"https:\/\/www.castrillonturismo.es\/castrillon\/#\/schema\/person\/81c8ca283714c9358f61c4355354e508\",\"name\":\"admin\",\"image\":{\"@type\":\"ImageObject\",\"inLanguage\":\"es\",\"@id\":\"https:\/\/www.castrillonturismo.es\/castrillon\/#\/schema\/person\/image\/\",\"url\":\"https:\/\/secure.gravatar.com\/avatar\/08cfccc30ab86643b5dba0cf31729e44?s=96&d=mm&r=g\",\"contentUrl\":\"https:\/\/secure.gravatar.com\/avatar\/08cfccc30ab86643b5dba0cf31729e44?s=96&d=mm&r=g\",\"caption\":\"admin\"},\"sameAs\":[\"http:\/\/publicidadaviles.com\/castrillon\"],\"url\":\"https:\/\/www.castrillonturismo.es\/castrillon\/author\/admin\/\"}]}<\/script>\n<!-- \/ Yoast SEO plugin. -->","yoast_head_json":{"title":"El Museo de la Mina de Arnao celebrar\u00e1 el s\u00e1bado 19 de agosto a las 13 horas su d\u00e9cimo aniversario con m\u00fasica. - Castrill\u00f3n Turismo","robots":{"index":"index","follow":"follow","max-snippet":"max-snippet:-1","max-image-preview":"max-image-preview:large","max-video-preview":"max-video-preview:-1"},"canonical":"https:\/\/www.castrillonturismo.es\/castrillon\/el-museo-de-la-mina-de-arnao-celebrara-el-sabado-19-de-agosto-a-las-13-horas-su-decimo-aniversario-con-musica\/","og_locale":"es_ES","og_type":"article","og_title":"El Museo de la Mina de Arnao celebrar\u00e1 el s\u00e1bado 19 de agosto a las 13 horas su d\u00e9cimo aniversario con m\u00fasica. - Castrill\u00f3n Turismo","og_description":"[vc_row][vc_column][vc_column_text]El concierto del compositor hispano cubano y de la fundadora de Los Adioses tendr\u00e1 lugar en las galer\u00edas de la explotaci\u00f3n, el s\u00e1bado 19 a las 13 horas. Las localidades son gratuitas, est\u00e1n limitadas a un aforo de 50 personas y se pueden retirar desde esta tarde en las taquillas del museo de forma presencial [&hellip;]","og_url":"https:\/\/www.castrillonturismo.es\/castrillon\/el-museo-de-la-mina-de-arnao-celebrara-el-sabado-19-de-agosto-a-las-13-horas-su-decimo-aniversario-con-musica\/","og_site_name":"Castrill\u00f3n Turismo","article_published_time":"2023-08-09T12:30:28+00:00","article_modified_time":"2023-08-11T09:47:24+00:00","og_image":[{"width":1587,"height":2245,"url":"https:\/\/www.castrillonturismo.es\/wp-content\/uploads\/2023\/08\/concierto-museo-mina-arnau.png","type":"image\/png"}],"author":"admin","twitter_card":"summary_large_image","twitter_image":"https:\/\/www.castrillonturismo.es\/wp-content\/uploads\/2023\/08\/concierto-museo-mina-arnau.png","twitter_misc":{"Escrito por":"admin","Tiempo de lectura":"2 minutos"},"schema":{"@context":"https:\/\/schema.org","@graph":[{"@type":"Article","@id":"https:\/\/www.castrillonturismo.es\/castrillon\/el-museo-de-la-mina-de-arnao-celebrara-el-sabado-19-de-agosto-a-las-13-horas-su-decimo-aniversario-con-musica\/#article","isPartOf":{"@id":"https:\/\/www.castrillonturismo.es\/castrillon\/el-museo-de-la-mina-de-arnao-celebrara-el-sabado-19-de-agosto-a-las-13-horas-su-decimo-aniversario-con-musica\/"},"author":{"name":"admin","@id":"https:\/\/www.castrillonturismo.es\/castrillon\/#\/schema\/person\/81c8ca283714c9358f61c4355354e508"},"headline":"El Museo de la Mina de Arnao celebrar\u00e1 el s\u00e1bado 19 de agosto a las 13 horas su d\u00e9cimo aniversario con m\u00fasica.","datePublished":"2023-08-09T12:30:28+00:00","dateModified":"2023-08-11T09:47:24+00:00","mainEntityOfPage":{"@id":"https:\/\/www.castrillonturismo.es\/castrillon\/el-museo-de-la-mina-de-arnao-celebrara-el-sabado-19-de-agosto-a-las-13-horas-su-decimo-aniversario-con-musica\/"},"wordCount":350,"publisher":{"@id":"https:\/\/www.castrillonturismo.es\/castrillon\/#organization"},"articleSection":["Actualidad"],"inLanguage":"es"},{"@type":"WebPage","@id":"https:\/\/www.castrillonturismo.es\/castrillon\/el-museo-de-la-mina-de-arnao-celebrara-el-sabado-19-de-agosto-a-las-13-horas-su-decimo-aniversario-con-musica\/","url":"https:\/\/www.castrillonturismo.es\/castrillon\/el-museo-de-la-mina-de-arnao-celebrara-el-sabado-19-de-agosto-a-las-13-horas-su-decimo-aniversario-con-musica\/","name":"El Museo de la Mina de Arnao celebrar\u00e1 el s\u00e1bado 19 de agosto a las 13 horas su d\u00e9cimo aniversario con m\u00fasica. - Castrill\u00f3n Turismo","isPartOf":{"@id":"https:\/\/www.castrillonturismo.es\/castrillon\/#website"},"datePublished":"2023-08-09T12:30:28+00:00","dateModified":"2023-08-11T09:47:24+00:00","breadcrumb":{"@id":"https:\/\/www.castrillonturismo.es\/castrillon\/el-museo-de-la-mina-de-arnao-celebrara-el-sabado-19-de-agosto-a-las-13-horas-su-decimo-aniversario-con-musica\/#breadcrumb"},"inLanguage":"es","potentialAction":[{"@type":"ReadAction","target":["https:\/\/www.castrillonturismo.es\/castrillon\/el-museo-de-la-mina-de-arnao-celebrara-el-sabado-19-de-agosto-a-las-13-horas-su-decimo-aniversario-con-musica\/"]}]},{"@type":"BreadcrumbList","@id":"https:\/\/www.castrillonturismo.es\/castrillon\/el-museo-de-la-mina-de-arnao-celebrara-el-sabado-19-de-agosto-a-las-13-horas-su-decimo-aniversario-con-musica\/#breadcrumb","itemListElement":[{"@type":"ListItem","position":1,"name":"Portada","item":"https:\/\/www.castrillonturismo.es\/castrillon\/"},{"@type":"ListItem","position":2,"name":"El Museo de la Mina de Arnao celebrar\u00e1 el s\u00e1bado 19 de agosto a las 13 horas su d\u00e9cimo aniversario con m\u00fasica."}]},{"@type":"WebSite","@id":"https:\/\/www.castrillonturismo.es\/castrillon\/#website","url":"https:\/\/www.castrillonturismo.es\/castrillon\/","name":"Castrill\u00f3n Turismo","description":"","publisher":{"@id":"https:\/\/www.castrillonturismo.es\/castrillon\/#organization"},"potentialAction":[{"@type":"SearchAction","target":{"@type":"EntryPoint","urlTemplate":"https:\/\/www.castrillonturismo.es\/castrillon\/?s={search_term_string}"},"query-input":"required name=search_term_string"}],"inLanguage":"es"},{"@type":"Organization","@id":"https:\/\/www.castrillonturismo.es\/castrillon\/#organization","name":"Castrill\u00f3n Turismo","url":"https:\/\/www.castrillonturismo.es\/castrillon\/","logo":{"@type":"ImageObject","inLanguage":"es","@id":"https:\/\/www.castrillonturismo.es\/castrillon\/#\/schema\/logo\/image\/","url":"https:\/\/www.castrillonturismo.es\/wp-content\/uploads\/2020\/05\/cropped-banner-turismo.png","contentUrl":"https:\/\/www.castrillonturismo.es\/wp-content\/uploads\/2020\/05\/cropped-banner-turismo.png","width":512,"height":512,"caption":"Castrill\u00f3n Turismo"},"image":{"@id":"https:\/\/www.castrillonturismo.es\/castrillon\/#\/schema\/logo\/image\/"}},{"@type":"Person","@id":"https:\/\/www.castrillonturismo.es\/castrillon\/#\/schema\/person\/81c8ca283714c9358f61c4355354e508","name":"admin","image":{"@type":"ImageObject","inLanguage":"es","@id":"https:\/\/www.castrillonturismo.es\/castrillon\/#\/schema\/person\/image\/","url":"https:\/\/secure.gravatar.com\/avatar\/08cfccc30ab86643b5dba0cf31729e44?s=96&d=mm&r=g","contentUrl":"https:\/\/secure.gravatar.com\/avatar\/08cfccc30ab86643b5dba0cf31729e44?s=96&d=mm&r=g","caption":"admin"},"sameAs":["http:\/\/publicidadaviles.com\/castrillon"],"url":"https:\/\/www.castrillonturismo.es\/castrillon\/author\/admin\/"}]}},"_links":{"self":[{"href":"https:\/\/www.castrillonturismo.es\/castrillon\/wp-json\/wp\/v2\/posts\/2009"}],"collection":[{"href":"https:\/\/www.castrillonturismo.es\/castrillon\/wp-json\/wp\/v2\/posts"}],"about":[{"href":"https:\/\/www.castrillonturismo.es\/castrillon\/wp-json\/wp\/v2\/types\/post"}],"author":[{"embeddable":true,"href":"https:\/\/www.castrillonturismo.es\/castrillon\/wp-json\/wp\/v2\/users\/1"}],"replies":[{"embeddable":true,"href":"https:\/\/www.castrillonturismo.es\/castrillon\/wp-json\/wp\/v2\/comments?post=2009"}],"version-history":[{"count":6,"href":"https:\/\/www.castrillonturismo.es\/castrillon\/wp-json\/wp\/v2\/posts\/2009\/revisions"}],"predecessor-version":[{"id":2019,"href":"https:\/\/www.castrillonturismo.es\/castrillon\/wp-json\/wp\/v2\/posts\/2009\/revisions\/2019"}],"wp:featuredmedia":[{"embeddable":true,"href":"https:\/\/www.castrillonturismo.es\/castrillon\/wp-json\/wp\/v2\/media\/2017"}],"wp:attachment":[{"href":"https:\/\/www.castrillonturismo.es\/castrillon\/wp-json\/wp\/v2\/media?parent=2009"}],"wp:term":[{"taxonomy":"category","embeddable":true,"href":"https:\/\/www.castrillonturismo.es\/castrillon\/wp-json\/wp\/v2\/categories?post=2009"},{"taxonomy":"post_tag","embeddable":true,"href":"https:\/\/www.castrillonturismo.es\/castrillon\/wp-json\/wp\/v2\/tags?post=2009"}],"curies":[{"name":"wp","href":"https:\/\/api.w.org\/{rel}","templated":true}]}}