{"id":1861,"date":"2023-05-18T11:13:53","date_gmt":"2023-05-18T11:13:53","guid":{"rendered":"https:\/\/www.castrillonturismo.es\/castrillon\/?p=1861"},"modified":"2023-05-18T11:14:41","modified_gmt":"2023-05-18T11:14:41","slug":"la-segunda-edicion-del-certamen-se-celebra-este-fin-de-semana-y-hasta-la-fecha-ha-confirmado-la-participacion-de-18-canes","status":"publish","type":"post","link":"https:\/\/www.castrillonturismo.es\/castrillon\/la-segunda-edicion-del-certamen-se-celebra-este-fin-de-semana-y-hasta-la-fecha-ha-confirmado-la-participacion-de-18-canes\/","title":{"rendered":"La segunda edici\u00f3n del certamen se celebra este fin de semana y hasta la fecha ha confirmado la participaci\u00f3n de 18 canes"},"content":{"rendered":"<p>[vc_row][vc_column][vc_column_text]La segunda edici\u00f3n del Campeonato Europeo de Surf para Perros de Salinas contar\u00e1 en el jurado este fin de semana con la participaci\u00f3n del periodista deportivo gijon\u00e9s Pipi Estrada.<\/p>\n<p>Estrada ser\u00e1 uno de los jueces que decidan el nombre del perro que se impone este a\u00f1o en la categor\u00eda deportiva. Formar\u00e1 parte de un jurado integrado por seis personas y del que tambi\u00e9n formar\u00e1n parte tres jueces deportivos de surf, un representante de la Real Sociedad Canina Espa\u00f1ola y otra persona en representaci\u00f3n de la organizaci\u00f3n del certamen. El II Campeonato Europeo de Surf para Perros se celebra los d\u00edas 20 y 21 de mayo en la playa de Salinas (Castrill\u00f3n, Asturias).<\/p>\n<p>A falta de unas horas para que se cierre el plazo para inscribirse, la organizaci\u00f3n ya tiene confirmada la participaci\u00f3n de 18 canes en la competici\u00f3n deportiva. Entre ellos, se subir\u00e1n a las tablas varios de los que compitieron hace un a\u00f1o en la puesta de largo del campeonato.<\/p>\n<p>El ganador de la competici\u00f3n se decidir\u00e1 el domingo 21 y se llevar\u00e1 un trofeo y una tabla de surf, adem\u00e1s del derecho a elegir la protectora animal a la que quiere que se destinen las 1.500 de comida donadas por Dingonatura, empresa patrocinadora del campeonato.<\/p>\n<p>La cita comenzar\u00e1 el s\u00e1bado con la recogida de dorsales y los entrenamientos. Por la tarde est\u00e1 prevista la celebraci\u00f3n del concurso canino en el que se premiar\u00e1 al perro m\u00e1s guapo, al m\u00e1s simp\u00e1tico y al m\u00e1s educado. La inscripci\u00f3n para participar en esta competici\u00f3n no deportiva se realiza en la playa de Salinas el mismo s\u00e1bado, y al igual que sucede en la de<br \/>\nsurf, es gratuita.<\/p>\n<p>El II Campeonato Europeo de Surf para perros de Salinas tiene este a\u00f1o como madrina conla joven leonesa Mar\u00eda Mart\u00edn Granizo, que compite con una pr\u00f3tesis en la pierna y que el pasado diciembre se proclam\u00f3 campeona del mundo de surf adaptado y es adem\u00e1s medallista de esqu\u00ed alpino. Adem\u00e1s, el certamen vuelve a contar con Lucas Garc\u00eda, uno de los surfistas asturianos m\u00e1s laureado de la historia y actual seleccionador nacional de surf adaptado, como director t\u00e9cnico de la prueba deportiva.<\/p>\n<p>La iniciativa, organizada por Maraton Dog y Dingonatura con la colaboraci\u00f3n delAyuntamiento de Castrill\u00f3n, se marca como objetivo solidario promover el deporte canino, reforzar el v\u00ednculo entre las personas y los perros gracias al juego, luchar contra el abandono animal y colaborar con las protectoras de animales de todo el pa\u00eds a trav\u00e9s de la donaci\u00f3n de<br \/>\nalimentos.<\/p>\n<p style=\"text-align: center; text-decoration: underline;\"><strong>HORARIOS II CAMPEONATO EUROPEO DE SURF PARA PERROS DINGONATURA DOG SURF<\/strong><\/p>\n<p style=\"text-align: center;\"><strong>S\u00e1bado 20 de mayo. Playa de Salinas<\/strong><\/p>\n<ul>\n<li>10.00-11.00 Recogida de dorsales y welcome pack.<\/li>\n<li>11.00-15.00 Entrenamientos obligatorios.<\/li>\n<li>16.00-18.30 Concurso canino para elegir al perro m\u00e1s guapo, el m\u00e1s simp\u00e1tico y al m\u00e1s educado<\/li>\n<\/ul>\n<p style=\"text-align: center;\"><strong>Domingo 21 de mayo. Playa de Salinas<\/strong><\/p>\n<p>&nbsp;<\/p>\n<ul>\n<li>10.00-10.30 Control de participantes.<\/li>\n<li>10.30-14.00 Competici\u00f3n.<\/li>\n<li>14.00 Entrega de trofeos.<\/li>\n<\/ul>\n<p>Web del campeonato, con el reglamento, inscripciones y fotograf\u00edas de la \u00faltima edici\u00f3n:<br \/>\n<a href=\"https:\/\/www.campeonatosurfperros.com\/\" target=\"_blank\" rel=\"noopener\">https:\/\/www.campeonatosurfperros.com\/<\/a>[\/vc_column_text][\/vc_column][\/vc_row]<\/p>\n","protected":false},"excerpt":{"rendered":"<p>[vc_row][vc_column][vc_column_text]La segunda edici\u00f3n del Campeonato Europeo de Surf para Perros de Salinas contar\u00e1 en el jurado este fin de semana con la participaci\u00f3n del periodista deportivo gijon\u00e9s Pipi Estrada. Estrada ser\u00e1 uno de los jueces que decidan el nombre del perro que se impone este a\u00f1o en la categor\u00eda deportiva. Formar\u00e1 parte de un jurado [&hellip;]<\/p>\n","protected":false},"author":1,"featured_media":1862,"comment_status":"closed","ping_status":"open","sticky":false,"template":"","format":"standard","meta":[],"categories":[1],"tags":[],"yoast_head":"<!-- This site is optimized with the Yoast SEO plugin v21.0 - https:\/\/yoast.com\/wordpress\/plugins\/seo\/ -->\n<title>La segunda edici\u00f3n del certamen se celebra este fin de semana y hasta la fecha ha confirmado la participaci\u00f3n de 18 canes - Castrill\u00f3n Turismo<\/title>\n<meta name=\"robots\" content=\"index, follow, max-snippet:-1, max-image-preview:large, max-video-preview:-1\" \/>\n<link rel=\"canonical\" href=\"https:\/\/www.castrillonturismo.es\/castrillon\/la-segunda-edicion-del-certamen-se-celebra-este-fin-de-semana-y-hasta-la-fecha-ha-confirmado-la-participacion-de-18-canes\/\" \/>\n<meta property=\"og:locale\" content=\"es_ES\" \/>\n<meta property=\"og:type\" content=\"article\" \/>\n<meta property=\"og:title\" content=\"La segunda edici\u00f3n del certamen se celebra este fin de semana y hasta la fecha ha confirmado la participaci\u00f3n de 18 canes - Castrill\u00f3n Turismo\" \/>\n<meta property=\"og:description\" content=\"[vc_row][vc_column][vc_column_text]La segunda edici\u00f3n del Campeonato Europeo de Surf para Perros de Salinas contar\u00e1 en el jurado este fin de semana con la participaci\u00f3n del periodista deportivo gijon\u00e9s Pipi Estrada. Estrada ser\u00e1 uno de los jueces que decidan el nombre del perro que se impone este a\u00f1o en la categor\u00eda deportiva. Formar\u00e1 parte de un jurado [&hellip;]\" \/>\n<meta property=\"og:url\" content=\"https:\/\/www.castrillonturismo.es\/castrillon\/la-segunda-edicion-del-certamen-se-celebra-este-fin-de-semana-y-hasta-la-fecha-ha-confirmado-la-participacion-de-18-canes\/\" \/>\n<meta property=\"og:site_name\" content=\"Castrill\u00f3n Turismo\" \/>\n<meta property=\"article:published_time\" content=\"2023-05-18T11:13:53+00:00\" \/>\n<meta property=\"article:modified_time\" content=\"2023-05-18T11:14:41+00:00\" \/>\n<meta property=\"og:image\" content=\"https:\/\/www.castrillonturismo.es\/wp-content\/uploads\/2023\/05\/surf-perros.jpg\" \/>\n\t<meta property=\"og:image:width\" content=\"842\" \/>\n\t<meta property=\"og:image:height\" content=\"1191\" \/>\n\t<meta property=\"og:image:type\" content=\"image\/jpeg\" \/>\n<meta name=\"author\" content=\"admin\" \/>\n<meta name=\"twitter:card\" content=\"summary_large_image\" \/>\n<meta name=\"twitter:label1\" content=\"Escrito por\" \/>\n\t<meta name=\"twitter:data1\" content=\"admin\" \/>\n\t<meta name=\"twitter:label2\" content=\"Tiempo de lectura\" \/>\n\t<meta name=\"twitter:data2\" content=\"3 minutos\" \/>\n<script type=\"application\/ld+json\" class=\"yoast-schema-graph\">{\"@context\":\"https:\/\/schema.org\",\"@graph\":[{\"@type\":\"Article\",\"@id\":\"https:\/\/www.castrillonturismo.es\/castrillon\/la-segunda-edicion-del-certamen-se-celebra-este-fin-de-semana-y-hasta-la-fecha-ha-confirmado-la-participacion-de-18-canes\/#article\",\"isPartOf\":{\"@id\":\"https:\/\/www.castrillonturismo.es\/castrillon\/la-segunda-edicion-del-certamen-se-celebra-este-fin-de-semana-y-hasta-la-fecha-ha-confirmado-la-participacion-de-18-canes\/\"},\"author\":{\"name\":\"admin\",\"@id\":\"https:\/\/www.castrillonturismo.es\/castrillon\/#\/schema\/person\/81c8ca283714c9358f61c4355354e508\"},\"headline\":\"La segunda edici\u00f3n del certamen se celebra este fin de semana y hasta la fecha ha confirmado la participaci\u00f3n de 18 canes\",\"datePublished\":\"2023-05-18T11:13:53+00:00\",\"dateModified\":\"2023-05-18T11:14:41+00:00\",\"mainEntityOfPage\":{\"@id\":\"https:\/\/www.castrillonturismo.es\/castrillon\/la-segunda-edicion-del-certamen-se-celebra-este-fin-de-semana-y-hasta-la-fecha-ha-confirmado-la-participacion-de-18-canes\/\"},\"wordCount\":575,\"publisher\":{\"@id\":\"https:\/\/www.castrillonturismo.es\/castrillon\/#organization\"},\"articleSection\":[\"Actualidad\"],\"inLanguage\":\"es\"},{\"@type\":\"WebPage\",\"@id\":\"https:\/\/www.castrillonturismo.es\/castrillon\/la-segunda-edicion-del-certamen-se-celebra-este-fin-de-semana-y-hasta-la-fecha-ha-confirmado-la-participacion-de-18-canes\/\",\"url\":\"https:\/\/www.castrillonturismo.es\/castrillon\/la-segunda-edicion-del-certamen-se-celebra-este-fin-de-semana-y-hasta-la-fecha-ha-confirmado-la-participacion-de-18-canes\/\",\"name\":\"La segunda edici\u00f3n del certamen se celebra este fin de semana y hasta la fecha ha confirmado la participaci\u00f3n de 18 canes - Castrill\u00f3n Turismo\",\"isPartOf\":{\"@id\":\"https:\/\/www.castrillonturismo.es\/castrillon\/#website\"},\"datePublished\":\"2023-05-18T11:13:53+00:00\",\"dateModified\":\"2023-05-18T11:14:41+00:00\",\"breadcrumb\":{\"@id\":\"https:\/\/www.castrillonturismo.es\/castrillon\/la-segunda-edicion-del-certamen-se-celebra-este-fin-de-semana-y-hasta-la-fecha-ha-confirmado-la-participacion-de-18-canes\/#breadcrumb\"},\"inLanguage\":\"es\",\"potentialAction\":[{\"@type\":\"ReadAction\",\"target\":[\"https:\/\/www.castrillonturismo.es\/castrillon\/la-segunda-edicion-del-certamen-se-celebra-este-fin-de-semana-y-hasta-la-fecha-ha-confirmado-la-participacion-de-18-canes\/\"]}]},{\"@type\":\"BreadcrumbList\",\"@id\":\"https:\/\/www.castrillonturismo.es\/castrillon\/la-segunda-edicion-del-certamen-se-celebra-este-fin-de-semana-y-hasta-la-fecha-ha-confirmado-la-participacion-de-18-canes\/#breadcrumb\",\"itemListElement\":[{\"@type\":\"ListItem\",\"position\":1,\"name\":\"Portada\",\"item\":\"https:\/\/www.castrillonturismo.es\/castrillon\/\"},{\"@type\":\"ListItem\",\"position\":2,\"name\":\"La segunda edici\u00f3n del certamen se celebra este fin de semana y hasta la fecha ha confirmado la participaci\u00f3n de 18 canes\"}]},{\"@type\":\"WebSite\",\"@id\":\"https:\/\/www.castrillonturismo.es\/castrillon\/#website\",\"url\":\"https:\/\/www.castrillonturismo.es\/castrillon\/\",\"name\":\"Castrill\u00f3n Turismo\",\"description\":\"\",\"publisher\":{\"@id\":\"https:\/\/www.castrillonturismo.es\/castrillon\/#organization\"},\"potentialAction\":[{\"@type\":\"SearchAction\",\"target\":{\"@type\":\"EntryPoint\",\"urlTemplate\":\"https:\/\/www.castrillonturismo.es\/castrillon\/?s={search_term_string}\"},\"query-input\":\"required name=search_term_string\"}],\"inLanguage\":\"es\"},{\"@type\":\"Organization\",\"@id\":\"https:\/\/www.castrillonturismo.es\/castrillon\/#organization\",\"name\":\"Castrill\u00f3n Turismo\",\"url\":\"https:\/\/www.castrillonturismo.es\/castrillon\/\",\"logo\":{\"@type\":\"ImageObject\",\"inLanguage\":\"es\",\"@id\":\"https:\/\/www.castrillonturismo.es\/castrillon\/#\/schema\/logo\/image\/\",\"url\":\"https:\/\/www.castrillonturismo.es\/wp-content\/uploads\/2020\/05\/cropped-banner-turismo.png\",\"contentUrl\":\"https:\/\/www.castrillonturismo.es\/wp-content\/uploads\/2020\/05\/cropped-banner-turismo.png\",\"width\":512,\"height\":512,\"caption\":\"Castrill\u00f3n Turismo\"},\"image\":{\"@id\":\"https:\/\/www.castrillonturismo.es\/castrillon\/#\/schema\/logo\/image\/\"}},{\"@type\":\"Person\",\"@id\":\"https:\/\/www.castrillonturismo.es\/castrillon\/#\/schema\/person\/81c8ca283714c9358f61c4355354e508\",\"name\":\"admin\",\"image\":{\"@type\":\"ImageObject\",\"inLanguage\":\"es\",\"@id\":\"https:\/\/www.castrillonturismo.es\/castrillon\/#\/schema\/person\/image\/\",\"url\":\"https:\/\/secure.gravatar.com\/avatar\/08cfccc30ab86643b5dba0cf31729e44?s=96&d=mm&r=g\",\"contentUrl\":\"https:\/\/secure.gravatar.com\/avatar\/08cfccc30ab86643b5dba0cf31729e44?s=96&d=mm&r=g\",\"caption\":\"admin\"},\"sameAs\":[\"http:\/\/publicidadaviles.com\/castrillon\"],\"url\":\"https:\/\/www.castrillonturismo.es\/castrillon\/author\/admin\/\"}]}<\/script>\n<!-- \/ Yoast SEO plugin. -->","yoast_head_json":{"title":"La segunda edici\u00f3n del certamen se celebra este fin de semana y hasta la fecha ha confirmado la participaci\u00f3n de 18 canes - Castrill\u00f3n Turismo","robots":{"index":"index","follow":"follow","max-snippet":"max-snippet:-1","max-image-preview":"max-image-preview:large","max-video-preview":"max-video-preview:-1"},"canonical":"https:\/\/www.castrillonturismo.es\/castrillon\/la-segunda-edicion-del-certamen-se-celebra-este-fin-de-semana-y-hasta-la-fecha-ha-confirmado-la-participacion-de-18-canes\/","og_locale":"es_ES","og_type":"article","og_title":"La segunda edici\u00f3n del certamen se celebra este fin de semana y hasta la fecha ha confirmado la participaci\u00f3n de 18 canes - Castrill\u00f3n Turismo","og_description":"[vc_row][vc_column][vc_column_text]La segunda edici\u00f3n del Campeonato Europeo de Surf para Perros de Salinas contar\u00e1 en el jurado este fin de semana con la participaci\u00f3n del periodista deportivo gijon\u00e9s Pipi Estrada. Estrada ser\u00e1 uno de los jueces que decidan el nombre del perro que se impone este a\u00f1o en la categor\u00eda deportiva. Formar\u00e1 parte de un jurado [&hellip;]","og_url":"https:\/\/www.castrillonturismo.es\/castrillon\/la-segunda-edicion-del-certamen-se-celebra-este-fin-de-semana-y-hasta-la-fecha-ha-confirmado-la-participacion-de-18-canes\/","og_site_name":"Castrill\u00f3n Turismo","article_published_time":"2023-05-18T11:13:53+00:00","article_modified_time":"2023-05-18T11:14:41+00:00","og_image":[{"width":842,"height":1191,"url":"https:\/\/www.castrillonturismo.es\/wp-content\/uploads\/2023\/05\/surf-perros.jpg","type":"image\/jpeg"}],"author":"admin","twitter_card":"summary_large_image","twitter_misc":{"Escrito por":"admin","Tiempo de lectura":"3 minutos"},"schema":{"@context":"https:\/\/schema.org","@graph":[{"@type":"Article","@id":"https:\/\/www.castrillonturismo.es\/castrillon\/la-segunda-edicion-del-certamen-se-celebra-este-fin-de-semana-y-hasta-la-fecha-ha-confirmado-la-participacion-de-18-canes\/#article","isPartOf":{"@id":"https:\/\/www.castrillonturismo.es\/castrillon\/la-segunda-edicion-del-certamen-se-celebra-este-fin-de-semana-y-hasta-la-fecha-ha-confirmado-la-participacion-de-18-canes\/"},"author":{"name":"admin","@id":"https:\/\/www.castrillonturismo.es\/castrillon\/#\/schema\/person\/81c8ca283714c9358f61c4355354e508"},"headline":"La segunda edici\u00f3n del certamen se celebra este fin de semana y hasta la fecha ha confirmado la participaci\u00f3n de 18 canes","datePublished":"2023-05-18T11:13:53+00:00","dateModified":"2023-05-18T11:14:41+00:00","mainEntityOfPage":{"@id":"https:\/\/www.castrillonturismo.es\/castrillon\/la-segunda-edicion-del-certamen-se-celebra-este-fin-de-semana-y-hasta-la-fecha-ha-confirmado-la-participacion-de-18-canes\/"},"wordCount":575,"publisher":{"@id":"https:\/\/www.castrillonturismo.es\/castrillon\/#organization"},"articleSection":["Actualidad"],"inLanguage":"es"},{"@type":"WebPage","@id":"https:\/\/www.castrillonturismo.es\/castrillon\/la-segunda-edicion-del-certamen-se-celebra-este-fin-de-semana-y-hasta-la-fecha-ha-confirmado-la-participacion-de-18-canes\/","url":"https:\/\/www.castrillonturismo.es\/castrillon\/la-segunda-edicion-del-certamen-se-celebra-este-fin-de-semana-y-hasta-la-fecha-ha-confirmado-la-participacion-de-18-canes\/","name":"La segunda edici\u00f3n del certamen se celebra este fin de semana y hasta la fecha ha confirmado la participaci\u00f3n de 18 canes - Castrill\u00f3n Turismo","isPartOf":{"@id":"https:\/\/www.castrillonturismo.es\/castrillon\/#website"},"datePublished":"2023-05-18T11:13:53+00:00","dateModified":"2023-05-18T11:14:41+00:00","breadcrumb":{"@id":"https:\/\/www.castrillonturismo.es\/castrillon\/la-segunda-edicion-del-certamen-se-celebra-este-fin-de-semana-y-hasta-la-fecha-ha-confirmado-la-participacion-de-18-canes\/#breadcrumb"},"inLanguage":"es","potentialAction":[{"@type":"ReadAction","target":["https:\/\/www.castrillonturismo.es\/castrillon\/la-segunda-edicion-del-certamen-se-celebra-este-fin-de-semana-y-hasta-la-fecha-ha-confirmado-la-participacion-de-18-canes\/"]}]},{"@type":"BreadcrumbList","@id":"https:\/\/www.castrillonturismo.es\/castrillon\/la-segunda-edicion-del-certamen-se-celebra-este-fin-de-semana-y-hasta-la-fecha-ha-confirmado-la-participacion-de-18-canes\/#breadcrumb","itemListElement":[{"@type":"ListItem","position":1,"name":"Portada","item":"https:\/\/www.castrillonturismo.es\/castrillon\/"},{"@type":"ListItem","position":2,"name":"La segunda edici\u00f3n del certamen se celebra este fin de semana y hasta la fecha ha confirmado la participaci\u00f3n de 18 canes"}]},{"@type":"WebSite","@id":"https:\/\/www.castrillonturismo.es\/castrillon\/#website","url":"https:\/\/www.castrillonturismo.es\/castrillon\/","name":"Castrill\u00f3n Turismo","description":"","publisher":{"@id":"https:\/\/www.castrillonturismo.es\/castrillon\/#organization"},"potentialAction":[{"@type":"SearchAction","target":{"@type":"EntryPoint","urlTemplate":"https:\/\/www.castrillonturismo.es\/castrillon\/?s={search_term_string}"},"query-input":"required name=search_term_string"}],"inLanguage":"es"},{"@type":"Organization","@id":"https:\/\/www.castrillonturismo.es\/castrillon\/#organization","name":"Castrill\u00f3n Turismo","url":"https:\/\/www.castrillonturismo.es\/castrillon\/","logo":{"@type":"ImageObject","inLanguage":"es","@id":"https:\/\/www.castrillonturismo.es\/castrillon\/#\/schema\/logo\/image\/","url":"https:\/\/www.castrillonturismo.es\/wp-content\/uploads\/2020\/05\/cropped-banner-turismo.png","contentUrl":"https:\/\/www.castrillonturismo.es\/wp-content\/uploads\/2020\/05\/cropped-banner-turismo.png","width":512,"height":512,"caption":"Castrill\u00f3n Turismo"},"image":{"@id":"https:\/\/www.castrillonturismo.es\/castrillon\/#\/schema\/logo\/image\/"}},{"@type":"Person","@id":"https:\/\/www.castrillonturismo.es\/castrillon\/#\/schema\/person\/81c8ca283714c9358f61c4355354e508","name":"admin","image":{"@type":"ImageObject","inLanguage":"es","@id":"https:\/\/www.castrillonturismo.es\/castrillon\/#\/schema\/person\/image\/","url":"https:\/\/secure.gravatar.com\/avatar\/08cfccc30ab86643b5dba0cf31729e44?s=96&d=mm&r=g","contentUrl":"https:\/\/secure.gravatar.com\/avatar\/08cfccc30ab86643b5dba0cf31729e44?s=96&d=mm&r=g","caption":"admin"},"sameAs":["http:\/\/publicidadaviles.com\/castrillon"],"url":"https:\/\/www.castrillonturismo.es\/castrillon\/author\/admin\/"}]}},"_links":{"self":[{"href":"https:\/\/www.castrillonturismo.es\/castrillon\/wp-json\/wp\/v2\/posts\/1861"}],"collection":[{"href":"https:\/\/www.castrillonturismo.es\/castrillon\/wp-json\/wp\/v2\/posts"}],"about":[{"href":"https:\/\/www.castrillonturismo.es\/castrillon\/wp-json\/wp\/v2\/types\/post"}],"author":[{"embeddable":true,"href":"https:\/\/www.castrillonturismo.es\/castrillon\/wp-json\/wp\/v2\/users\/1"}],"replies":[{"embeddable":true,"href":"https:\/\/www.castrillonturismo.es\/castrillon\/wp-json\/wp\/v2\/comments?post=1861"}],"version-history":[{"count":2,"href":"https:\/\/www.castrillonturismo.es\/castrillon\/wp-json\/wp\/v2\/posts\/1861\/revisions"}],"predecessor-version":[{"id":1864,"href":"https:\/\/www.castrillonturismo.es\/castrillon\/wp-json\/wp\/v2\/posts\/1861\/revisions\/1864"}],"wp:featuredmedia":[{"embeddable":true,"href":"https:\/\/www.castrillonturismo.es\/castrillon\/wp-json\/wp\/v2\/media\/1862"}],"wp:attachment":[{"href":"https:\/\/www.castrillonturismo.es\/castrillon\/wp-json\/wp\/v2\/media?parent=1861"}],"wp:term":[{"taxonomy":"category","embeddable":true,"href":"https:\/\/www.castrillonturismo.es\/castrillon\/wp-json\/wp\/v2\/categories?post=1861"},{"taxonomy":"post_tag","embeddable":true,"href":"https:\/\/www.castrillonturismo.es\/castrillon\/wp-json\/wp\/v2\/tags?post=1861"}],"curies":[{"name":"wp","href":"https:\/\/api.w.org\/{rel}","templated":true}]}}