{"id":1847,"date":"2023-05-08T11:59:40","date_gmt":"2023-05-08T11:59:40","guid":{"rendered":"https:\/\/www.castrillonturismo.es\/castrillon\/?p=1847"},"modified":"2023-05-09T06:18:42","modified_gmt":"2023-05-09T06:18:42","slug":"comerciantes-de-eysines-y-castrillon-organizaran-un-mercado-astur-aquitano-en-el-acto-del-41-hermanamiento","status":"publish","type":"post","link":"https:\/\/www.castrillonturismo.es\/castrillon\/comerciantes-de-eysines-y-castrillon-organizaran-un-mercado-astur-aquitano-en-el-acto-del-41-hermanamiento\/","title":{"rendered":"Comerciantes de Eysines y Castrill\u00f3n organizaran un mercado astur-aquitano en el acto del 41 hermanamiento"},"content":{"rendered":"<p>[vc_row][vc_column][vc_column_text]<strong>Medio centenar de personas, encabezadas por la teniente de alcalde de Eysines, Sandrine Marsan, visitar\u00e1n el municipio entre los d\u00edas 18 y 21 de mayo.<\/strong><\/p>\n<p>La delegaci\u00f3n francesa disfrutar\u00e1 de una espicha, visitar\u00e1 Arnao y la Gruta de Arbedales y realizar\u00e1 una caminata por la zona rural castrillonense.<\/p>\n<p>Los comerciantes de Eysines (Francia) y de Castrill\u00f3n, municipios hermanados desde 1980, protagonizar\u00e1n a mediados de mayo un mercado internacional astur-aquitano, en el que se ofrecer\u00e1 una selecci\u00f3n de productos locales de los dos concejos. Estar\u00e1 organizado por Castricom y por la Asociaci\u00f3n de Empresarios de Eysines y ser\u00e1 uno de los atractivos de los actos del 41 aniversario del hermanamiento, que este a\u00f1o se celebrar\u00e1 en Castrill\u00f3n entre los d\u00edas 18 y 21 de mayo.<\/p>\n<p>En total ser\u00e1n 10 puestos los que se instalar\u00e1n en el mercado internacional (cinco de Castrill\u00f3n y 5 de Eysines), que estar\u00e1 abierto en horario de ma\u00f1ana y tarde en la calle Pablo Iglesias de Piedrasblancas. Se cumple de este modo con la intenci\u00f3n de estrechar lazos entre los tejidos asociativos de Castrill\u00f3n y Eysines, expresado por comerciantes de las dos localidades el a\u00f1o pasado en Francia con motivo del 40 aniversario del hermanamiento.<\/p>\n<p>La delegaci\u00f3n francesa estar\u00e1 formada por unas 50 personas, encabezadas por la teniente de alcalde de Eysines, concejala de Deportes y dinamizadora en el ayuntamiento galo de los actos del hermanamiento, Sandrine Marsan. Llegar\u00e1n a Castrill\u00f3n el jueves 18 de mayo, fecha en el que est\u00e1 prevista un recimiento en la casa consistorial, a las 18 horas. Tras la distribuci\u00f3n de las persinas visitantes entre las familias que les acoger\u00e1n durante estos d\u00edas, tendr\u00e1 lugar una espicha de bienvenida.<\/p>\n<p>El programa incluye visitas al Museo de la Mina de Arnao y a la Gruta de Arbedales, as\u00ed como la realizaci\u00f3n de una caminata conjunta de nueve kil\u00f3metros de longitud, con la colaboraci\u00f3n del Grupo de Salud y de Castrill\u00f3n Senderismo, con salida y final en Piedrasblancas y en la que se recorrer\u00e1n Las Chavolas, Arnao, Pinos Altos, Salinas y la Senda de la Vegona.<\/p>\n<p>La recepci\u00f3n oficial tendr\u00e1 lugar el s\u00e1bado 20 de mayo, a las 19 horas, en el Sal\u00f3n de Plenos del Ayuntamiento. Seguidamente tendr\u00e1 lugar una actuaci\u00f3n de la Banda de Gaitas de Castrill\u00f3n y de la asociaci\u00f3n de mujeres Dulce Chac\u00f3n con los que se cerrar\u00e1 el programa. La salida de la comitiva francesa de vuelta hacia Eysines est\u00e1 prevista para el domingo 21 de mayo a las 9 horas.<\/p>\n<p><strong>PROGRAMA DE ACTOS \u2013 41 HERMANAMIENTO<\/strong><\/p>\n<p><strong>Jueves 18<\/strong><\/p>\n<ul>\n<li>17.00-22.00. Mercado Astur-Aquitano (calle Pablo Iglesias, Piedrasblancas)<\/li>\n<li>18.00. Recibimiento en el Ayuntamiento de Castrill\u00f3n. Distribuci\u00f3n entre las familias.<\/li>\n<li>21.00. Espicha para los participantes en el Bar El Patio (Piedrasblancas)<\/li>\n<\/ul>\n<p><strong>Viernes 19<\/strong><\/p>\n<ul>\n<li>10.30. Salida del ayuntamiento para visitar la Gruta de Arbedales y su entorno.<\/li>\n<li>11.00-14.30 \/ 16.30-21.00. Mercado Astur-Aquitano (calle Pablo Iglesias, Piedrasblancas)<\/li>\n<li>14.30. Comida en Casa Nuevo (Pillarno).<\/li>\n<li>17.30. Visita guiada al Museo de la Mina de Arnao y al poblado minero.<\/li>\n<\/ul>\n<p><strong>S\u00e1bado 20<\/strong><\/p>\n<ul>\n<li>9.30. Ruta de senderismo desde Piedrasblancas, por Las Chavolas, Arnao, Pinos Altos,<br \/>\nSalinas, Senda de la Vegona y regreso a Piedrasblancas. Ser\u00e1n 9 kil\u00f3metros. Las personas<br \/>\nque prefieran no caminar tendr\u00e1n a su disposici\u00f3n un autob\u00fas para visitar Santa mar\u00eda del<br \/>\nMar, Arnao y Salinas.<\/li>\n<li>11.00-14.30 \/ 16.30-21.00. Mercado Astur-Aquitano (calle Pablo Iglesias, Piedrasblancas)<\/li>\n<li>14.30. Comida para los participantes en el Restaurante El Mallu (Ra\u00edces).<\/li>\n<li>19.00. Recepci\u00f3n oficial en el Sal\u00f3n de Plenos del ayuntamiento.<\/li>\n<li>22.00 Actuaci\u00f3n en la plaza de Europa de Piedrasblancas de la Banda de Gaitas de Castrill\u00f3n<br \/>\ny de la asociaci\u00f3n de mujeres Dulce Chac\u00f3n.<\/li>\n<\/ul>\n<p><strong>Domingo 21<\/strong><\/p>\n<ul>\n<li>9.00 Salida de la delegaci\u00f3n francesa hacia Eysines, delante del ayuntamiento.<\/li>\n<\/ul>\n<p>[\/vc_column_text][\/vc_column][\/vc_row]<\/p>\n","protected":false},"excerpt":{"rendered":"<p>[vc_row][vc_column][vc_column_text]Medio centenar de personas, encabezadas por la teniente de alcalde de Eysines, Sandrine Marsan, visitar\u00e1n el municipio entre los d\u00edas 18 y 21 de mayo. La delegaci\u00f3n francesa disfrutar\u00e1 de una espicha, visitar\u00e1 Arnao y la Gruta de Arbedales y realizar\u00e1 una caminata por la zona rural castrillonense. Los comerciantes de Eysines (Francia) y de [&hellip;]<\/p>\n","protected":false},"author":1,"featured_media":1850,"comment_status":"closed","ping_status":"open","sticky":false,"template":"","format":"standard","meta":[],"categories":[1],"tags":[],"yoast_head":"<!-- This site is optimized with the Yoast SEO plugin v21.0 - https:\/\/yoast.com\/wordpress\/plugins\/seo\/ -->\n<title>Comerciantes de Eysines y Castrill\u00f3n organizaran un mercado astur-aquitano en el acto del 41 hermanamiento - Castrill\u00f3n Turismo<\/title>\n<meta name=\"robots\" content=\"index, follow, max-snippet:-1, max-image-preview:large, max-video-preview:-1\" \/>\n<link rel=\"canonical\" href=\"https:\/\/www.castrillonturismo.es\/castrillon\/comerciantes-de-eysines-y-castrillon-organizaran-un-mercado-astur-aquitano-en-el-acto-del-41-hermanamiento\/\" \/>\n<meta property=\"og:locale\" content=\"es_ES\" \/>\n<meta property=\"og:type\" content=\"article\" \/>\n<meta property=\"og:title\" content=\"Comerciantes de Eysines y Castrill\u00f3n organizaran un mercado astur-aquitano en el acto del 41 hermanamiento - Castrill\u00f3n Turismo\" \/>\n<meta property=\"og:description\" content=\"[vc_row][vc_column][vc_column_text]Medio centenar de personas, encabezadas por la teniente de alcalde de Eysines, Sandrine Marsan, visitar\u00e1n el municipio entre los d\u00edas 18 y 21 de mayo. La delegaci\u00f3n francesa disfrutar\u00e1 de una espicha, visitar\u00e1 Arnao y la Gruta de Arbedales y realizar\u00e1 una caminata por la zona rural castrillonense. Los comerciantes de Eysines (Francia) y de [&hellip;]\" \/>\n<meta property=\"og:url\" content=\"https:\/\/www.castrillonturismo.es\/castrillon\/comerciantes-de-eysines-y-castrillon-organizaran-un-mercado-astur-aquitano-en-el-acto-del-41-hermanamiento\/\" \/>\n<meta property=\"og:site_name\" content=\"Castrill\u00f3n Turismo\" \/>\n<meta property=\"article:published_time\" content=\"2023-05-08T11:59:40+00:00\" \/>\n<meta property=\"article:modified_time\" content=\"2023-05-09T06:18:42+00:00\" \/>\n<meta property=\"og:image\" content=\"https:\/\/www.castrillonturismo.es\/wp-content\/uploads\/2023\/05\/intercambio-eysines-castrillon-comercio.jpg\" \/>\n\t<meta property=\"og:image:width\" content=\"1080\" \/>\n\t<meta property=\"og:image:height\" content=\"1573\" \/>\n\t<meta property=\"og:image:type\" content=\"image\/jpeg\" \/>\n<meta name=\"author\" content=\"admin\" \/>\n<meta name=\"twitter:card\" content=\"summary_large_image\" \/>\n<meta name=\"twitter:image\" content=\"https:\/\/www.castrillonturismo.es\/wp-content\/uploads\/2023\/05\/intercambio-eysines-castrillon-comercio.jpg\" \/>\n<meta name=\"twitter:label1\" content=\"Escrito por\" \/>\n\t<meta name=\"twitter:data1\" content=\"admin\" \/>\n\t<meta name=\"twitter:label2\" content=\"Tiempo de lectura\" \/>\n\t<meta name=\"twitter:data2\" content=\"3 minutos\" \/>\n<script type=\"application\/ld+json\" class=\"yoast-schema-graph\">{\"@context\":\"https:\/\/schema.org\",\"@graph\":[{\"@type\":\"Article\",\"@id\":\"https:\/\/www.castrillonturismo.es\/castrillon\/comerciantes-de-eysines-y-castrillon-organizaran-un-mercado-astur-aquitano-en-el-acto-del-41-hermanamiento\/#article\",\"isPartOf\":{\"@id\":\"https:\/\/www.castrillonturismo.es\/castrillon\/comerciantes-de-eysines-y-castrillon-organizaran-un-mercado-astur-aquitano-en-el-acto-del-41-hermanamiento\/\"},\"author\":{\"name\":\"admin\",\"@id\":\"https:\/\/www.castrillonturismo.es\/castrillon\/#\/schema\/person\/81c8ca283714c9358f61c4355354e508\"},\"headline\":\"Comerciantes de Eysines y Castrill\u00f3n organizaran un mercado astur-aquitano en el acto del 41 hermanamiento\",\"datePublished\":\"2023-05-08T11:59:40+00:00\",\"dateModified\":\"2023-05-09T06:18:42+00:00\",\"mainEntityOfPage\":{\"@id\":\"https:\/\/www.castrillonturismo.es\/castrillon\/comerciantes-de-eysines-y-castrillon-organizaran-un-mercado-astur-aquitano-en-el-acto-del-41-hermanamiento\/\"},\"wordCount\":653,\"publisher\":{\"@id\":\"https:\/\/www.castrillonturismo.es\/castrillon\/#organization\"},\"articleSection\":[\"Actualidad\"],\"inLanguage\":\"es\"},{\"@type\":\"WebPage\",\"@id\":\"https:\/\/www.castrillonturismo.es\/castrillon\/comerciantes-de-eysines-y-castrillon-organizaran-un-mercado-astur-aquitano-en-el-acto-del-41-hermanamiento\/\",\"url\":\"https:\/\/www.castrillonturismo.es\/castrillon\/comerciantes-de-eysines-y-castrillon-organizaran-un-mercado-astur-aquitano-en-el-acto-del-41-hermanamiento\/\",\"name\":\"Comerciantes de Eysines y Castrill\u00f3n organizaran un mercado astur-aquitano en el acto del 41 hermanamiento - Castrill\u00f3n Turismo\",\"isPartOf\":{\"@id\":\"https:\/\/www.castrillonturismo.es\/castrillon\/#website\"},\"datePublished\":\"2023-05-08T11:59:40+00:00\",\"dateModified\":\"2023-05-09T06:18:42+00:00\",\"breadcrumb\":{\"@id\":\"https:\/\/www.castrillonturismo.es\/castrillon\/comerciantes-de-eysines-y-castrillon-organizaran-un-mercado-astur-aquitano-en-el-acto-del-41-hermanamiento\/#breadcrumb\"},\"inLanguage\":\"es\",\"potentialAction\":[{\"@type\":\"ReadAction\",\"target\":[\"https:\/\/www.castrillonturismo.es\/castrillon\/comerciantes-de-eysines-y-castrillon-organizaran-un-mercado-astur-aquitano-en-el-acto-del-41-hermanamiento\/\"]}]},{\"@type\":\"BreadcrumbList\",\"@id\":\"https:\/\/www.castrillonturismo.es\/castrillon\/comerciantes-de-eysines-y-castrillon-organizaran-un-mercado-astur-aquitano-en-el-acto-del-41-hermanamiento\/#breadcrumb\",\"itemListElement\":[{\"@type\":\"ListItem\",\"position\":1,\"name\":\"Portada\",\"item\":\"https:\/\/www.castrillonturismo.es\/castrillon\/\"},{\"@type\":\"ListItem\",\"position\":2,\"name\":\"Comerciantes de Eysines y Castrill\u00f3n organizaran un mercado astur-aquitano en el acto del 41 hermanamiento\"}]},{\"@type\":\"WebSite\",\"@id\":\"https:\/\/www.castrillonturismo.es\/castrillon\/#website\",\"url\":\"https:\/\/www.castrillonturismo.es\/castrillon\/\",\"name\":\"Castrill\u00f3n Turismo\",\"description\":\"\",\"publisher\":{\"@id\":\"https:\/\/www.castrillonturismo.es\/castrillon\/#organization\"},\"potentialAction\":[{\"@type\":\"SearchAction\",\"target\":{\"@type\":\"EntryPoint\",\"urlTemplate\":\"https:\/\/www.castrillonturismo.es\/castrillon\/?s={search_term_string}\"},\"query-input\":\"required name=search_term_string\"}],\"inLanguage\":\"es\"},{\"@type\":\"Organization\",\"@id\":\"https:\/\/www.castrillonturismo.es\/castrillon\/#organization\",\"name\":\"Castrill\u00f3n Turismo\",\"url\":\"https:\/\/www.castrillonturismo.es\/castrillon\/\",\"logo\":{\"@type\":\"ImageObject\",\"inLanguage\":\"es\",\"@id\":\"https:\/\/www.castrillonturismo.es\/castrillon\/#\/schema\/logo\/image\/\",\"url\":\"https:\/\/www.castrillonturismo.es\/wp-content\/uploads\/2020\/05\/cropped-banner-turismo.png\",\"contentUrl\":\"https:\/\/www.castrillonturismo.es\/wp-content\/uploads\/2020\/05\/cropped-banner-turismo.png\",\"width\":512,\"height\":512,\"caption\":\"Castrill\u00f3n Turismo\"},\"image\":{\"@id\":\"https:\/\/www.castrillonturismo.es\/castrillon\/#\/schema\/logo\/image\/\"}},{\"@type\":\"Person\",\"@id\":\"https:\/\/www.castrillonturismo.es\/castrillon\/#\/schema\/person\/81c8ca283714c9358f61c4355354e508\",\"name\":\"admin\",\"image\":{\"@type\":\"ImageObject\",\"inLanguage\":\"es\",\"@id\":\"https:\/\/www.castrillonturismo.es\/castrillon\/#\/schema\/person\/image\/\",\"url\":\"https:\/\/secure.gravatar.com\/avatar\/08cfccc30ab86643b5dba0cf31729e44?s=96&d=mm&r=g\",\"contentUrl\":\"https:\/\/secure.gravatar.com\/avatar\/08cfccc30ab86643b5dba0cf31729e44?s=96&d=mm&r=g\",\"caption\":\"admin\"},\"sameAs\":[\"http:\/\/publicidadaviles.com\/castrillon\"],\"url\":\"https:\/\/www.castrillonturismo.es\/castrillon\/author\/admin\/\"}]}<\/script>\n<!-- \/ Yoast SEO plugin. -->","yoast_head_json":{"title":"Comerciantes de Eysines y Castrill\u00f3n organizaran un mercado astur-aquitano en el acto del 41 hermanamiento - Castrill\u00f3n Turismo","robots":{"index":"index","follow":"follow","max-snippet":"max-snippet:-1","max-image-preview":"max-image-preview:large","max-video-preview":"max-video-preview:-1"},"canonical":"https:\/\/www.castrillonturismo.es\/castrillon\/comerciantes-de-eysines-y-castrillon-organizaran-un-mercado-astur-aquitano-en-el-acto-del-41-hermanamiento\/","og_locale":"es_ES","og_type":"article","og_title":"Comerciantes de Eysines y Castrill\u00f3n organizaran un mercado astur-aquitano en el acto del 41 hermanamiento - Castrill\u00f3n Turismo","og_description":"[vc_row][vc_column][vc_column_text]Medio centenar de personas, encabezadas por la teniente de alcalde de Eysines, Sandrine Marsan, visitar\u00e1n el municipio entre los d\u00edas 18 y 21 de mayo. La delegaci\u00f3n francesa disfrutar\u00e1 de una espicha, visitar\u00e1 Arnao y la Gruta de Arbedales y realizar\u00e1 una caminata por la zona rural castrillonense. Los comerciantes de Eysines (Francia) y de [&hellip;]","og_url":"https:\/\/www.castrillonturismo.es\/castrillon\/comerciantes-de-eysines-y-castrillon-organizaran-un-mercado-astur-aquitano-en-el-acto-del-41-hermanamiento\/","og_site_name":"Castrill\u00f3n Turismo","article_published_time":"2023-05-08T11:59:40+00:00","article_modified_time":"2023-05-09T06:18:42+00:00","og_image":[{"width":1080,"height":1573,"url":"https:\/\/www.castrillonturismo.es\/wp-content\/uploads\/2023\/05\/intercambio-eysines-castrillon-comercio.jpg","type":"image\/jpeg"}],"author":"admin","twitter_card":"summary_large_image","twitter_image":"https:\/\/www.castrillonturismo.es\/wp-content\/uploads\/2023\/05\/intercambio-eysines-castrillon-comercio.jpg","twitter_misc":{"Escrito por":"admin","Tiempo de lectura":"3 minutos"},"schema":{"@context":"https:\/\/schema.org","@graph":[{"@type":"Article","@id":"https:\/\/www.castrillonturismo.es\/castrillon\/comerciantes-de-eysines-y-castrillon-organizaran-un-mercado-astur-aquitano-en-el-acto-del-41-hermanamiento\/#article","isPartOf":{"@id":"https:\/\/www.castrillonturismo.es\/castrillon\/comerciantes-de-eysines-y-castrillon-organizaran-un-mercado-astur-aquitano-en-el-acto-del-41-hermanamiento\/"},"author":{"name":"admin","@id":"https:\/\/www.castrillonturismo.es\/castrillon\/#\/schema\/person\/81c8ca283714c9358f61c4355354e508"},"headline":"Comerciantes de Eysines y Castrill\u00f3n organizaran un mercado astur-aquitano en el acto del 41 hermanamiento","datePublished":"2023-05-08T11:59:40+00:00","dateModified":"2023-05-09T06:18:42+00:00","mainEntityOfPage":{"@id":"https:\/\/www.castrillonturismo.es\/castrillon\/comerciantes-de-eysines-y-castrillon-organizaran-un-mercado-astur-aquitano-en-el-acto-del-41-hermanamiento\/"},"wordCount":653,"publisher":{"@id":"https:\/\/www.castrillonturismo.es\/castrillon\/#organization"},"articleSection":["Actualidad"],"inLanguage":"es"},{"@type":"WebPage","@id":"https:\/\/www.castrillonturismo.es\/castrillon\/comerciantes-de-eysines-y-castrillon-organizaran-un-mercado-astur-aquitano-en-el-acto-del-41-hermanamiento\/","url":"https:\/\/www.castrillonturismo.es\/castrillon\/comerciantes-de-eysines-y-castrillon-organizaran-un-mercado-astur-aquitano-en-el-acto-del-41-hermanamiento\/","name":"Comerciantes de Eysines y Castrill\u00f3n organizaran un mercado astur-aquitano en el acto del 41 hermanamiento - Castrill\u00f3n Turismo","isPartOf":{"@id":"https:\/\/www.castrillonturismo.es\/castrillon\/#website"},"datePublished":"2023-05-08T11:59:40+00:00","dateModified":"2023-05-09T06:18:42+00:00","breadcrumb":{"@id":"https:\/\/www.castrillonturismo.es\/castrillon\/comerciantes-de-eysines-y-castrillon-organizaran-un-mercado-astur-aquitano-en-el-acto-del-41-hermanamiento\/#breadcrumb"},"inLanguage":"es","potentialAction":[{"@type":"ReadAction","target":["https:\/\/www.castrillonturismo.es\/castrillon\/comerciantes-de-eysines-y-castrillon-organizaran-un-mercado-astur-aquitano-en-el-acto-del-41-hermanamiento\/"]}]},{"@type":"BreadcrumbList","@id":"https:\/\/www.castrillonturismo.es\/castrillon\/comerciantes-de-eysines-y-castrillon-organizaran-un-mercado-astur-aquitano-en-el-acto-del-41-hermanamiento\/#breadcrumb","itemListElement":[{"@type":"ListItem","position":1,"name":"Portada","item":"https:\/\/www.castrillonturismo.es\/castrillon\/"},{"@type":"ListItem","position":2,"name":"Comerciantes de Eysines y Castrill\u00f3n organizaran un mercado astur-aquitano en el acto del 41 hermanamiento"}]},{"@type":"WebSite","@id":"https:\/\/www.castrillonturismo.es\/castrillon\/#website","url":"https:\/\/www.castrillonturismo.es\/castrillon\/","name":"Castrill\u00f3n Turismo","description":"","publisher":{"@id":"https:\/\/www.castrillonturismo.es\/castrillon\/#organization"},"potentialAction":[{"@type":"SearchAction","target":{"@type":"EntryPoint","urlTemplate":"https:\/\/www.castrillonturismo.es\/castrillon\/?s={search_term_string}"},"query-input":"required name=search_term_string"}],"inLanguage":"es"},{"@type":"Organization","@id":"https:\/\/www.castrillonturismo.es\/castrillon\/#organization","name":"Castrill\u00f3n Turismo","url":"https:\/\/www.castrillonturismo.es\/castrillon\/","logo":{"@type":"ImageObject","inLanguage":"es","@id":"https:\/\/www.castrillonturismo.es\/castrillon\/#\/schema\/logo\/image\/","url":"https:\/\/www.castrillonturismo.es\/wp-content\/uploads\/2020\/05\/cropped-banner-turismo.png","contentUrl":"https:\/\/www.castrillonturismo.es\/wp-content\/uploads\/2020\/05\/cropped-banner-turismo.png","width":512,"height":512,"caption":"Castrill\u00f3n Turismo"},"image":{"@id":"https:\/\/www.castrillonturismo.es\/castrillon\/#\/schema\/logo\/image\/"}},{"@type":"Person","@id":"https:\/\/www.castrillonturismo.es\/castrillon\/#\/schema\/person\/81c8ca283714c9358f61c4355354e508","name":"admin","image":{"@type":"ImageObject","inLanguage":"es","@id":"https:\/\/www.castrillonturismo.es\/castrillon\/#\/schema\/person\/image\/","url":"https:\/\/secure.gravatar.com\/avatar\/08cfccc30ab86643b5dba0cf31729e44?s=96&d=mm&r=g","contentUrl":"https:\/\/secure.gravatar.com\/avatar\/08cfccc30ab86643b5dba0cf31729e44?s=96&d=mm&r=g","caption":"admin"},"sameAs":["http:\/\/publicidadaviles.com\/castrillon"],"url":"https:\/\/www.castrillonturismo.es\/castrillon\/author\/admin\/"}]}},"_links":{"self":[{"href":"https:\/\/www.castrillonturismo.es\/castrillon\/wp-json\/wp\/v2\/posts\/1847"}],"collection":[{"href":"https:\/\/www.castrillonturismo.es\/castrillon\/wp-json\/wp\/v2\/posts"}],"about":[{"href":"https:\/\/www.castrillonturismo.es\/castrillon\/wp-json\/wp\/v2\/types\/post"}],"author":[{"embeddable":true,"href":"https:\/\/www.castrillonturismo.es\/castrillon\/wp-json\/wp\/v2\/users\/1"}],"replies":[{"embeddable":true,"href":"https:\/\/www.castrillonturismo.es\/castrillon\/wp-json\/wp\/v2\/comments?post=1847"}],"version-history":[{"count":2,"href":"https:\/\/www.castrillonturismo.es\/castrillon\/wp-json\/wp\/v2\/posts\/1847\/revisions"}],"predecessor-version":[{"id":1849,"href":"https:\/\/www.castrillonturismo.es\/castrillon\/wp-json\/wp\/v2\/posts\/1847\/revisions\/1849"}],"wp:featuredmedia":[{"embeddable":true,"href":"https:\/\/www.castrillonturismo.es\/castrillon\/wp-json\/wp\/v2\/media\/1850"}],"wp:attachment":[{"href":"https:\/\/www.castrillonturismo.es\/castrillon\/wp-json\/wp\/v2\/media?parent=1847"}],"wp:term":[{"taxonomy":"category","embeddable":true,"href":"https:\/\/www.castrillonturismo.es\/castrillon\/wp-json\/wp\/v2\/categories?post=1847"},{"taxonomy":"post_tag","embeddable":true,"href":"https:\/\/www.castrillonturismo.es\/castrillon\/wp-json\/wp\/v2\/tags?post=1847"}],"curies":[{"name":"wp","href":"https:\/\/api.w.org\/{rel}","templated":true}]}}