{"id":1368,"date":"2021-05-03T09:14:59","date_gmt":"2021-05-03T09:14:59","guid":{"rendered":"https:\/\/castrillonturismo.es\/castrillon\/?p=1368"},"modified":"2021-05-05T09:42:03","modified_gmt":"2021-05-05T09:42:03","slug":"dia-internacional-de-los-museos","status":"publish","type":"post","link":"https:\/\/www.castrillonturismo.es\/castrillon\/dia-internacional-de-los-museos\/","title":{"rendered":"D\u00eda internacional de los museos"},"content":{"rendered":"<p>El 18 de mayo en Castrill\u00f3n se celebrar\u00e1 el \u00abD\u00eda internacional de los museos\u00bb con<strong> visitas guiadas gratuitas<\/strong> durante los d\u00edas<strong> 15, 16 y 18<\/strong> de mayo en los principales atractivos tur\u00edsticos del concejo.<\/p>\n<ul>\n<li><strong>Museo de Anclas<\/strong>: el <em>18 de mayo<\/em> a las 12:00 horas<\/li>\n<li><strong>Museo de la Mina de Arnao<\/strong>: los d\u00edas <em>15, 16 y 18 de mayo<\/em> a las 11:30, 12:30 y 17:00 horas<\/li>\n<li><strong>Visita al poblado de Arnao<\/strong>: los d\u00edas <em>15, 16 y 18 de mayo<\/em> a las 11:00 horas<\/li>\n<\/ul>\n<p><img decoding=\"async\" loading=\"lazy\" class=\"alignnone size-full wp-image-1392\" src=\"https:\/\/castrillonturismo.es\/wp-content\/uploads\/2021\/05\/cartel-1.png\" alt=\"\" width=\"842\" height=\"1191\" srcset=\"https:\/\/www.castrillonturismo.es\/wp-content\/uploads\/2021\/05\/cartel-1.png 842w, https:\/\/www.castrillonturismo.es\/wp-content\/uploads\/2021\/05\/cartel-1-212x300.png 212w, https:\/\/www.castrillonturismo.es\/wp-content\/uploads\/2021\/05\/cartel-1-724x1024.png 724w, https:\/\/www.castrillonturismo.es\/wp-content\/uploads\/2021\/05\/cartel-1-768x1086.png 768w\" sizes=\"(max-width: 842px) 100vw, 842px\" \/><\/p>\n","protected":false},"excerpt":{"rendered":"<p>En Castrill\u00f3n celebramos el D\u00eda internacional de los museos con visitas guiadas gratuitas los d\u00edas 15, 16 y 18 de mayo<\/p>\n","protected":false},"author":1,"featured_media":1383,"comment_status":"open","ping_status":"open","sticky":false,"template":"","format":"standard","meta":[],"categories":[1],"tags":[28,46,47,45,48],"yoast_head":"<!-- This site is optimized with the Yoast SEO plugin v21.0 - https:\/\/yoast.com\/wordpress\/plugins\/seo\/ -->\n<title>D\u00eda internacional de los museos - Castrill\u00f3n Turismo<\/title>\n<meta name=\"robots\" content=\"index, follow, max-snippet:-1, max-image-preview:large, max-video-preview:-1\" \/>\n<link rel=\"canonical\" href=\"https:\/\/www.castrillonturismo.es\/castrillon\/dia-internacional-de-los-museos\/\" \/>\n<meta property=\"og:locale\" content=\"es_ES\" \/>\n<meta property=\"og:type\" content=\"article\" \/>\n<meta property=\"og:title\" content=\"D\u00eda internacional de los museos - Castrill\u00f3n Turismo\" \/>\n<meta property=\"og:description\" content=\"En Castrill\u00f3n celebramos el D\u00eda internacional de los museos con visitas guiadas gratuitas los d\u00edas 15, 16 y 18 de mayo\" \/>\n<meta property=\"og:url\" content=\"https:\/\/www.castrillonturismo.es\/castrillon\/dia-internacional-de-los-museos\/\" \/>\n<meta property=\"og:site_name\" content=\"Castrill\u00f3n Turismo\" \/>\n<meta property=\"article:published_time\" content=\"2021-05-03T09:14:59+00:00\" \/>\n<meta property=\"article:modified_time\" content=\"2021-05-05T09:42:03+00:00\" \/>\n<meta property=\"og:image\" content=\"https:\/\/www.castrillonturismo.es\/wp-content\/uploads\/2021\/05\/foto-noticia.png\" \/>\n\t<meta property=\"og:image:width\" content=\"900\" \/>\n\t<meta property=\"og:image:height\" content=\"900\" \/>\n\t<meta property=\"og:image:type\" content=\"image\/png\" \/>\n<meta name=\"author\" content=\"admin\" \/>\n<meta name=\"twitter:card\" content=\"summary_large_image\" \/>\n<meta name=\"twitter:label1\" content=\"Escrito por\" \/>\n\t<meta name=\"twitter:data1\" content=\"admin\" \/>\n<script type=\"application\/ld+json\" class=\"yoast-schema-graph\">{\"@context\":\"https:\/\/schema.org\",\"@graph\":[{\"@type\":\"Article\",\"@id\":\"https:\/\/www.castrillonturismo.es\/castrillon\/dia-internacional-de-los-museos\/#article\",\"isPartOf\":{\"@id\":\"https:\/\/www.castrillonturismo.es\/castrillon\/dia-internacional-de-los-museos\/\"},\"author\":{\"name\":\"admin\",\"@id\":\"https:\/\/www.castrillonturismo.es\/castrillon\/#\/schema\/person\/81c8ca283714c9358f61c4355354e508\"},\"headline\":\"D\u00eda internacional de los museos\",\"datePublished\":\"2021-05-03T09:14:59+00:00\",\"dateModified\":\"2021-05-05T09:42:03+00:00\",\"mainEntityOfPage\":{\"@id\":\"https:\/\/www.castrillonturismo.es\/castrillon\/dia-internacional-de-los-museos\/\"},\"wordCount\":79,\"commentCount\":0,\"publisher\":{\"@id\":\"https:\/\/www.castrillonturismo.es\/castrillon\/#organization\"},\"keywords\":[\"Castrill\u00f3n\",\"Museo de Anclas\",\"Museo de la Mina de Arnao\",\"Museos\",\"Poblado de Arnao\"],\"articleSection\":[\"Actualidad\"],\"inLanguage\":\"es\",\"potentialAction\":[{\"@type\":\"CommentAction\",\"name\":\"Comment\",\"target\":[\"https:\/\/www.castrillonturismo.es\/castrillon\/dia-internacional-de-los-museos\/#respond\"]}]},{\"@type\":\"WebPage\",\"@id\":\"https:\/\/www.castrillonturismo.es\/castrillon\/dia-internacional-de-los-museos\/\",\"url\":\"https:\/\/www.castrillonturismo.es\/castrillon\/dia-internacional-de-los-museos\/\",\"name\":\"D\u00eda internacional de los museos - Castrill\u00f3n Turismo\",\"isPartOf\":{\"@id\":\"https:\/\/www.castrillonturismo.es\/castrillon\/#website\"},\"datePublished\":\"2021-05-03T09:14:59+00:00\",\"dateModified\":\"2021-05-05T09:42:03+00:00\",\"breadcrumb\":{\"@id\":\"https:\/\/www.castrillonturismo.es\/castrillon\/dia-internacional-de-los-museos\/#breadcrumb\"},\"inLanguage\":\"es\",\"potentialAction\":[{\"@type\":\"ReadAction\",\"target\":[\"https:\/\/www.castrillonturismo.es\/castrillon\/dia-internacional-de-los-museos\/\"]}]},{\"@type\":\"BreadcrumbList\",\"@id\":\"https:\/\/www.castrillonturismo.es\/castrillon\/dia-internacional-de-los-museos\/#breadcrumb\",\"itemListElement\":[{\"@type\":\"ListItem\",\"position\":1,\"name\":\"Portada\",\"item\":\"https:\/\/www.castrillonturismo.es\/castrillon\/\"},{\"@type\":\"ListItem\",\"position\":2,\"name\":\"D\u00eda internacional de los museos\"}]},{\"@type\":\"WebSite\",\"@id\":\"https:\/\/www.castrillonturismo.es\/castrillon\/#website\",\"url\":\"https:\/\/www.castrillonturismo.es\/castrillon\/\",\"name\":\"Castrill\u00f3n Turismo\",\"description\":\"\",\"publisher\":{\"@id\":\"https:\/\/www.castrillonturismo.es\/castrillon\/#organization\"},\"potentialAction\":[{\"@type\":\"SearchAction\",\"target\":{\"@type\":\"EntryPoint\",\"urlTemplate\":\"https:\/\/www.castrillonturismo.es\/castrillon\/?s={search_term_string}\"},\"query-input\":\"required name=search_term_string\"}],\"inLanguage\":\"es\"},{\"@type\":\"Organization\",\"@id\":\"https:\/\/www.castrillonturismo.es\/castrillon\/#organization\",\"name\":\"Castrill\u00f3n Turismo\",\"url\":\"https:\/\/www.castrillonturismo.es\/castrillon\/\",\"logo\":{\"@type\":\"ImageObject\",\"inLanguage\":\"es\",\"@id\":\"https:\/\/www.castrillonturismo.es\/castrillon\/#\/schema\/logo\/image\/\",\"url\":\"https:\/\/www.castrillonturismo.es\/wp-content\/uploads\/2020\/05\/cropped-banner-turismo.png\",\"contentUrl\":\"https:\/\/www.castrillonturismo.es\/wp-content\/uploads\/2020\/05\/cropped-banner-turismo.png\",\"width\":512,\"height\":512,\"caption\":\"Castrill\u00f3n Turismo\"},\"image\":{\"@id\":\"https:\/\/www.castrillonturismo.es\/castrillon\/#\/schema\/logo\/image\/\"}},{\"@type\":\"Person\",\"@id\":\"https:\/\/www.castrillonturismo.es\/castrillon\/#\/schema\/person\/81c8ca283714c9358f61c4355354e508\",\"name\":\"admin\",\"image\":{\"@type\":\"ImageObject\",\"inLanguage\":\"es\",\"@id\":\"https:\/\/www.castrillonturismo.es\/castrillon\/#\/schema\/person\/image\/\",\"url\":\"https:\/\/secure.gravatar.com\/avatar\/08cfccc30ab86643b5dba0cf31729e44?s=96&d=mm&r=g\",\"contentUrl\":\"https:\/\/secure.gravatar.com\/avatar\/08cfccc30ab86643b5dba0cf31729e44?s=96&d=mm&r=g\",\"caption\":\"admin\"},\"sameAs\":[\"http:\/\/publicidadaviles.com\/castrillon\"],\"url\":\"https:\/\/www.castrillonturismo.es\/castrillon\/author\/admin\/\"}]}<\/script>\n<!-- \/ Yoast SEO plugin. -->","yoast_head_json":{"title":"D\u00eda internacional de los museos - Castrill\u00f3n Turismo","robots":{"index":"index","follow":"follow","max-snippet":"max-snippet:-1","max-image-preview":"max-image-preview:large","max-video-preview":"max-video-preview:-1"},"canonical":"https:\/\/www.castrillonturismo.es\/castrillon\/dia-internacional-de-los-museos\/","og_locale":"es_ES","og_type":"article","og_title":"D\u00eda internacional de los museos - Castrill\u00f3n Turismo","og_description":"En Castrill\u00f3n celebramos el D\u00eda internacional de los museos con visitas guiadas gratuitas los d\u00edas 15, 16 y 18 de mayo","og_url":"https:\/\/www.castrillonturismo.es\/castrillon\/dia-internacional-de-los-museos\/","og_site_name":"Castrill\u00f3n Turismo","article_published_time":"2021-05-03T09:14:59+00:00","article_modified_time":"2021-05-05T09:42:03+00:00","og_image":[{"width":900,"height":900,"url":"https:\/\/www.castrillonturismo.es\/wp-content\/uploads\/2021\/05\/foto-noticia.png","type":"image\/png"}],"author":"admin","twitter_card":"summary_large_image","twitter_misc":{"Escrito por":"admin"},"schema":{"@context":"https:\/\/schema.org","@graph":[{"@type":"Article","@id":"https:\/\/www.castrillonturismo.es\/castrillon\/dia-internacional-de-los-museos\/#article","isPartOf":{"@id":"https:\/\/www.castrillonturismo.es\/castrillon\/dia-internacional-de-los-museos\/"},"author":{"name":"admin","@id":"https:\/\/www.castrillonturismo.es\/castrillon\/#\/schema\/person\/81c8ca283714c9358f61c4355354e508"},"headline":"D\u00eda internacional de los museos","datePublished":"2021-05-03T09:14:59+00:00","dateModified":"2021-05-05T09:42:03+00:00","mainEntityOfPage":{"@id":"https:\/\/www.castrillonturismo.es\/castrillon\/dia-internacional-de-los-museos\/"},"wordCount":79,"commentCount":0,"publisher":{"@id":"https:\/\/www.castrillonturismo.es\/castrillon\/#organization"},"keywords":["Castrill\u00f3n","Museo de Anclas","Museo de la Mina de Arnao","Museos","Poblado de Arnao"],"articleSection":["Actualidad"],"inLanguage":"es","potentialAction":[{"@type":"CommentAction","name":"Comment","target":["https:\/\/www.castrillonturismo.es\/castrillon\/dia-internacional-de-los-museos\/#respond"]}]},{"@type":"WebPage","@id":"https:\/\/www.castrillonturismo.es\/castrillon\/dia-internacional-de-los-museos\/","url":"https:\/\/www.castrillonturismo.es\/castrillon\/dia-internacional-de-los-museos\/","name":"D\u00eda internacional de los museos - Castrill\u00f3n Turismo","isPartOf":{"@id":"https:\/\/www.castrillonturismo.es\/castrillon\/#website"},"datePublished":"2021-05-03T09:14:59+00:00","dateModified":"2021-05-05T09:42:03+00:00","breadcrumb":{"@id":"https:\/\/www.castrillonturismo.es\/castrillon\/dia-internacional-de-los-museos\/#breadcrumb"},"inLanguage":"es","potentialAction":[{"@type":"ReadAction","target":["https:\/\/www.castrillonturismo.es\/castrillon\/dia-internacional-de-los-museos\/"]}]},{"@type":"BreadcrumbList","@id":"https:\/\/www.castrillonturismo.es\/castrillon\/dia-internacional-de-los-museos\/#breadcrumb","itemListElement":[{"@type":"ListItem","position":1,"name":"Portada","item":"https:\/\/www.castrillonturismo.es\/castrillon\/"},{"@type":"ListItem","position":2,"name":"D\u00eda internacional de los museos"}]},{"@type":"WebSite","@id":"https:\/\/www.castrillonturismo.es\/castrillon\/#website","url":"https:\/\/www.castrillonturismo.es\/castrillon\/","name":"Castrill\u00f3n Turismo","description":"","publisher":{"@id":"https:\/\/www.castrillonturismo.es\/castrillon\/#organization"},"potentialAction":[{"@type":"SearchAction","target":{"@type":"EntryPoint","urlTemplate":"https:\/\/www.castrillonturismo.es\/castrillon\/?s={search_term_string}"},"query-input":"required name=search_term_string"}],"inLanguage":"es"},{"@type":"Organization","@id":"https:\/\/www.castrillonturismo.es\/castrillon\/#organization","name":"Castrill\u00f3n Turismo","url":"https:\/\/www.castrillonturismo.es\/castrillon\/","logo":{"@type":"ImageObject","inLanguage":"es","@id":"https:\/\/www.castrillonturismo.es\/castrillon\/#\/schema\/logo\/image\/","url":"https:\/\/www.castrillonturismo.es\/wp-content\/uploads\/2020\/05\/cropped-banner-turismo.png","contentUrl":"https:\/\/www.castrillonturismo.es\/wp-content\/uploads\/2020\/05\/cropped-banner-turismo.png","width":512,"height":512,"caption":"Castrill\u00f3n Turismo"},"image":{"@id":"https:\/\/www.castrillonturismo.es\/castrillon\/#\/schema\/logo\/image\/"}},{"@type":"Person","@id":"https:\/\/www.castrillonturismo.es\/castrillon\/#\/schema\/person\/81c8ca283714c9358f61c4355354e508","name":"admin","image":{"@type":"ImageObject","inLanguage":"es","@id":"https:\/\/www.castrillonturismo.es\/castrillon\/#\/schema\/person\/image\/","url":"https:\/\/secure.gravatar.com\/avatar\/08cfccc30ab86643b5dba0cf31729e44?s=96&d=mm&r=g","contentUrl":"https:\/\/secure.gravatar.com\/avatar\/08cfccc30ab86643b5dba0cf31729e44?s=96&d=mm&r=g","caption":"admin"},"sameAs":["http:\/\/publicidadaviles.com\/castrillon"],"url":"https:\/\/www.castrillonturismo.es\/castrillon\/author\/admin\/"}]}},"_links":{"self":[{"href":"https:\/\/www.castrillonturismo.es\/castrillon\/wp-json\/wp\/v2\/posts\/1368"}],"collection":[{"href":"https:\/\/www.castrillonturismo.es\/castrillon\/wp-json\/wp\/v2\/posts"}],"about":[{"href":"https:\/\/www.castrillonturismo.es\/castrillon\/wp-json\/wp\/v2\/types\/post"}],"author":[{"embeddable":true,"href":"https:\/\/www.castrillonturismo.es\/castrillon\/wp-json\/wp\/v2\/users\/1"}],"replies":[{"embeddable":true,"href":"https:\/\/www.castrillonturismo.es\/castrillon\/wp-json\/wp\/v2\/comments?post=1368"}],"version-history":[{"count":16,"href":"https:\/\/www.castrillonturismo.es\/castrillon\/wp-json\/wp\/v2\/posts\/1368\/revisions"}],"predecessor-version":[{"id":1393,"href":"https:\/\/www.castrillonturismo.es\/castrillon\/wp-json\/wp\/v2\/posts\/1368\/revisions\/1393"}],"wp:featuredmedia":[{"embeddable":true,"href":"https:\/\/www.castrillonturismo.es\/castrillon\/wp-json\/wp\/v2\/media\/1383"}],"wp:attachment":[{"href":"https:\/\/www.castrillonturismo.es\/castrillon\/wp-json\/wp\/v2\/media?parent=1368"}],"wp:term":[{"taxonomy":"category","embeddable":true,"href":"https:\/\/www.castrillonturismo.es\/castrillon\/wp-json\/wp\/v2\/categories?post=1368"},{"taxonomy":"post_tag","embeddable":true,"href":"https:\/\/www.castrillonturismo.es\/castrillon\/wp-json\/wp\/v2\/tags?post=1368"}],"curies":[{"name":"wp","href":"https:\/\/api.w.org\/{rel}","templated":true}]}}